{"id":981,"date":"2018-02-02T15:50:11","date_gmt":"2018-02-02T15:50:11","guid":{"rendered":"http:\/\/volcanes.net\/?p=981"},"modified":"2018-02-02T15:50:11","modified_gmt":"2018-02-02T15:50:11","slug":"pri-en-senado-promovera-amplia-agenda-de-reformas-en-periodo-de-sesiones","status":"publish","type":"post","link":"https:\/\/volcanes.net\/?p=981","title":{"rendered":"PRI en Senado promover\u00e1 amplia agenda de reformas en periodo de sesiones"},"content":{"rendered":"<div style=\"margin-top: 0px; margin-bottom: 0px;\" class=\"sharethis-inline-share-buttons\" ><\/div><p>La bancada del Partido Revolucionario Institucional (PRI) en el Senado impulsar\u00e1 una amplia agenda de temas y reformas en el periodo de sesiones, que inici\u00f3 este 1 de febrero, entre las que destacan mayores sanciones al robo de hidrocarburos en el pa\u00eds.<\/p>\n<p>De acuerdo con la agenda aprobada, tambi\u00e9n se contemplan reformas para sancionar el robo de identidad, ya que es uno de los delitos que m\u00e1s se ha incrementado y que repercute no s\u00f3lo en el \u00e1mbito de fraudes bancarios, sino tambi\u00e9n en extorsiones y delitos electorales.<\/p>\n<p>Asimismo, se incluyen reformas a la Ley General de Sociedades Mercantiles en materia de Beneficiario Final, con el objeto de prevenir el lavado de dinero.<\/p>\n<p>La bancada del PRI, que encabeza Emilio Gamboa, propondr\u00e1 la realizaci\u00f3n de una consulta popular relativa al modelo actual de seguridad p\u00fablica.<\/p>\n<p>Se impulsar\u00e1n reformas a la Ley General de Desarrollo Social con relaci\u00f3n a la Estrategia Nacional de Inclusi\u00f3n y padrones \u00fanicos de beneficiarios, para evitar duplicidad y hacer m\u00e1s eficientes los programas sociales.<\/p>\n<p>Tambi\u00e9n, reformas a la Ley General de los Derechos de Ni\u00f1as, Ni\u00f1os y Adolescentes, principalmente en materia de adopci\u00f3n, para hacer m\u00e1s \u00e1gil y eficiente este tipo de procesos; as\u00ed como una iniciativa para inhibir asentamientos humanos en \u00e1reas naturales protegidas.<\/p>\n<p>Adem\u00e1s, se contempla fortalecer la legislaci\u00f3n en materia de prevenci\u00f3n de suicidios; y reformas en materia de doble nacionalidad.<\/p>\n","protected":false},"excerpt":{"rendered":"<p>La bancada del Partido Revolucionario Institucional (PRI) en el Senado impulsar\u00e1 una amplia agenda de<\/p>\n","protected":false},"author":1,"featured_media":962,"comment_status":"open","ping_status":"open","sticky":false,"template":"","format":"standard","meta":{"footnotes":""},"categories":[1],"tags":[72],"class_list":["post-981","post","type-post","status-publish","format-standard","has-post-thumbnail","hentry","category-municipales","tag-senado-de-la-republica"],"yoast_head":"<!-- This site is optimized with the Yoast SEO plugin v25.3 - https:\/\/yoast.com\/wordpress\/plugins\/seo\/ -->\n<title>PRI en Senado promover\u00e1 amplia agenda de reformas en periodo de sesiones - Volcanes<\/title>\n<meta name=\"robots\" content=\"index, follow, max-snippet:-1, max-image-preview:large, max-video-preview:-1\" \/>\n<link rel=\"canonical\" href=\"https:\/\/volcanes.net\/?p=981\" \/>\n<meta property=\"og:locale\" content=\"es_MX\" \/>\n<meta property=\"og:type\" content=\"article\" \/>\n<meta property=\"og:title\" content=\"PRI en Senado promover\u00e1 amplia agenda de reformas en periodo de sesiones - Volcanes\" \/>\n<meta property=\"og:description\" content=\"La bancada del Partido Revolucionario Institucional (PRI) en el Senado impulsar\u00e1 una amplia agenda de\" \/>\n<meta property=\"og:url\" content=\"https:\/\/volcanes.net\/?p=981\" \/>\n<meta property=\"og:site_name\" content=\"Volcanes\" \/>\n<meta property=\"article:publisher\" content=\"https:\/\/www.facebook.com\/volcanes.net\/\" \/>\n<meta property=\"article:published_time\" content=\"2018-02-02T15:50:11+00:00\" \/>\n<meta property=\"og:image\" content=\"https:\/\/volcanes.net\/wp-content\/uploads\/2018\/02\/gamboa.jpg\" \/>\n\t<meta property=\"og:image:width\" content=\"400\" \/>\n\t<meta property=\"og:image:height\" content=\"200\" \/>\n\t<meta property=\"og:image:type\" content=\"image\/jpeg\" \/>\n<meta name=\"author\" content=\"admin\" \/>\n<meta name=\"twitter:card\" content=\"summary_large_image\" \/>\n<meta name=\"twitter:label1\" content=\"Escrito por\" \/>\n\t<meta name=\"twitter:data1\" content=\"admin\" \/>\n\t<meta name=\"twitter:label2\" content=\"Tiempo de lectura\" \/>\n\t<meta name=\"twitter:data2\" content=\"1 minuto\" \/>\n<script type=\"application\/ld+json\" class=\"yoast-schema-graph\">{\"@context\":\"https:\/\/schema.org\",\"@graph\":[{\"@type\":\"Article\",\"@id\":\"https:\/\/volcanes.net\/?p=981#article\",\"isPartOf\":{\"@id\":\"https:\/\/volcanes.net\/?p=981\"},\"author\":{\"name\":\"admin\",\"@id\":\"https:\/\/volcanes.net\/#\/schema\/person\/4bf0f383940966a4abd53f5048c0e6b9\"},\"headline\":\"PRI en Senado promover\u00e1 amplia agenda de reformas en periodo de sesiones\",\"datePublished\":\"2018-02-02T15:50:11+00:00\",\"mainEntityOfPage\":{\"@id\":\"https:\/\/volcanes.net\/?p=981\"},\"wordCount\":258,\"commentCount\":0,\"publisher\":{\"@id\":\"https:\/\/volcanes.net\/#organization\"},\"image\":{\"@id\":\"https:\/\/volcanes.net\/?p=981#primaryimage\"},\"thumbnailUrl\":\"https:\/\/volcanes.net\/wp-content\/uploads\/2018\/02\/gamboa.jpg\",\"keywords\":[\"Senado de la Rep\u00fablica\"],\"articleSection\":[\"Municipales\"],\"inLanguage\":\"es\",\"potentialAction\":[{\"@type\":\"CommentAction\",\"name\":\"Comment\",\"target\":[\"https:\/\/volcanes.net\/?p=981#respond\"]}]},{\"@type\":\"WebPage\",\"@id\":\"https:\/\/volcanes.net\/?p=981\",\"url\":\"https:\/\/volcanes.net\/?p=981\",\"name\":\"PRI en Senado promover\u00e1 amplia agenda de reformas en periodo de sesiones - Volcanes\",\"isPartOf\":{\"@id\":\"https:\/\/volcanes.net\/#website\"},\"primaryImageOfPage\":{\"@id\":\"https:\/\/volcanes.net\/?p=981#primaryimage\"},\"image\":{\"@id\":\"https:\/\/volcanes.net\/?p=981#primaryimage\"},\"thumbnailUrl\":\"https:\/\/volcanes.net\/wp-content\/uploads\/2018\/02\/gamboa.jpg\",\"datePublished\":\"2018-02-02T15:50:11+00:00\",\"breadcrumb\":{\"@id\":\"https:\/\/volcanes.net\/?p=981#breadcrumb\"},\"inLanguage\":\"es\",\"potentialAction\":[{\"@type\":\"ReadAction\",\"target\":[\"https:\/\/volcanes.net\/?p=981\"]}]},{\"@type\":\"ImageObject\",\"inLanguage\":\"es\",\"@id\":\"https:\/\/volcanes.net\/?p=981#primaryimage\",\"url\":\"https:\/\/volcanes.net\/wp-content\/uploads\/2018\/02\/gamboa.jpg\",\"contentUrl\":\"https:\/\/volcanes.net\/wp-content\/uploads\/2018\/02\/gamboa.jpg\",\"width\":400,\"height\":200},{\"@type\":\"BreadcrumbList\",\"@id\":\"https:\/\/volcanes.net\/?p=981#breadcrumb\",\"itemListElement\":[{\"@type\":\"ListItem\",\"position\":1,\"name\":\"Portada\",\"item\":\"https:\/\/volcanes.net\/\"},{\"@type\":\"ListItem\",\"position\":2,\"name\":\"PRI en Senado promover\u00e1 amplia agenda de reformas en periodo de sesiones\"}]},{\"@type\":\"WebSite\",\"@id\":\"https:\/\/volcanes.net\/#website\",\"url\":\"https:\/\/volcanes.net\/\",\"name\":\"Volcanes.Net\",\"description\":\"Periodismo Profesional\",\"publisher\":{\"@id\":\"https:\/\/volcanes.net\/#organization\"},\"potentialAction\":[{\"@type\":\"SearchAction\",\"target\":{\"@type\":\"EntryPoint\",\"urlTemplate\":\"https:\/\/volcanes.net\/?s={search_term_string}\"},\"query-input\":{\"@type\":\"PropertyValueSpecification\",\"valueRequired\":true,\"valueName\":\"search_term_string\"}}],\"inLanguage\":\"es\"},{\"@type\":\"Organization\",\"@id\":\"https:\/\/volcanes.net\/#organization\",\"name\":\"Grupo Volcanes\",\"url\":\"https:\/\/volcanes.net\/\",\"logo\":{\"@type\":\"ImageObject\",\"inLanguage\":\"es\",\"@id\":\"https:\/\/volcanes.net\/#\/schema\/logo\/image\/\",\"url\":\"http:\/\/volcanes.net\/wp-content\/uploads\/2017\/12\/Avatar2.jpg\",\"contentUrl\":\"http:\/\/volcanes.net\/wp-content\/uploads\/2017\/12\/Avatar2.jpg\",\"width\":378,\"height\":378,\"caption\":\"Grupo Volcanes\"},\"image\":{\"@id\":\"https:\/\/volcanes.net\/#\/schema\/logo\/image\/\"},\"sameAs\":[\"https:\/\/www.facebook.com\/volcanes.net\/\"]},{\"@type\":\"Person\",\"@id\":\"https:\/\/volcanes.net\/#\/schema\/person\/4bf0f383940966a4abd53f5048c0e6b9\",\"name\":\"admin\",\"image\":{\"@type\":\"ImageObject\",\"inLanguage\":\"es\",\"@id\":\"https:\/\/volcanes.net\/#\/schema\/person\/image\/\",\"url\":\"https:\/\/secure.gravatar.com\/avatar\/ca004e6cba8462b8cb7abc86e382930c?s=96&d=mm&r=g\",\"contentUrl\":\"https:\/\/secure.gravatar.com\/avatar\/ca004e6cba8462b8cb7abc86e382930c?s=96&d=mm&r=g\",\"caption\":\"admin\"}}]}<\/script>\n<!-- \/ Yoast SEO plugin. -->","yoast_head_json":{"title":"PRI en Senado promover\u00e1 amplia agenda de reformas en periodo de sesiones - Volcanes","robots":{"index":"index","follow":"follow","max-snippet":"max-snippet:-1","max-image-preview":"max-image-preview:large","max-video-preview":"max-video-preview:-1"},"canonical":"https:\/\/volcanes.net\/?p=981","og_locale":"es_MX","og_type":"article","og_title":"PRI en Senado promover\u00e1 amplia agenda de reformas en periodo de sesiones - Volcanes","og_description":"La bancada del Partido Revolucionario Institucional (PRI) en el Senado impulsar\u00e1 una amplia agenda de","og_url":"https:\/\/volcanes.net\/?p=981","og_site_name":"Volcanes","article_publisher":"https:\/\/www.facebook.com\/volcanes.net\/","article_published_time":"2018-02-02T15:50:11+00:00","og_image":[{"width":400,"height":200,"url":"https:\/\/volcanes.net\/wp-content\/uploads\/2018\/02\/gamboa.jpg","type":"image\/jpeg"}],"author":"admin","twitter_card":"summary_large_image","twitter_misc":{"Escrito por":"admin","Tiempo de lectura":"1 minuto"},"schema":{"@context":"https:\/\/schema.org","@graph":[{"@type":"Article","@id":"https:\/\/volcanes.net\/?p=981#article","isPartOf":{"@id":"https:\/\/volcanes.net\/?p=981"},"author":{"name":"admin","@id":"https:\/\/volcanes.net\/#\/schema\/person\/4bf0f383940966a4abd53f5048c0e6b9"},"headline":"PRI en Senado promover\u00e1 amplia agenda de reformas en periodo de sesiones","datePublished":"2018-02-02T15:50:11+00:00","mainEntityOfPage":{"@id":"https:\/\/volcanes.net\/?p=981"},"wordCount":258,"commentCount":0,"publisher":{"@id":"https:\/\/volcanes.net\/#organization"},"image":{"@id":"https:\/\/volcanes.net\/?p=981#primaryimage"},"thumbnailUrl":"https:\/\/volcanes.net\/wp-content\/uploads\/2018\/02\/gamboa.jpg","keywords":["Senado de la Rep\u00fablica"],"articleSection":["Municipales"],"inLanguage":"es","potentialAction":[{"@type":"CommentAction","name":"Comment","target":["https:\/\/volcanes.net\/?p=981#respond"]}]},{"@type":"WebPage","@id":"https:\/\/volcanes.net\/?p=981","url":"https:\/\/volcanes.net\/?p=981","name":"PRI en Senado promover\u00e1 amplia agenda de reformas en periodo de sesiones - Volcanes","isPartOf":{"@id":"https:\/\/volcanes.net\/#website"},"primaryImageOfPage":{"@id":"https:\/\/volcanes.net\/?p=981#primaryimage"},"image":{"@id":"https:\/\/volcanes.net\/?p=981#primaryimage"},"thumbnailUrl":"https:\/\/volcanes.net\/wp-content\/uploads\/2018\/02\/gamboa.jpg","datePublished":"2018-02-02T15:50:11+00:00","breadcrumb":{"@id":"https:\/\/volcanes.net\/?p=981#breadcrumb"},"inLanguage":"es","potentialAction":[{"@type":"ReadAction","target":["https:\/\/volcanes.net\/?p=981"]}]},{"@type":"ImageObject","inLanguage":"es","@id":"https:\/\/volcanes.net\/?p=981#primaryimage","url":"https:\/\/volcanes.net\/wp-content\/uploads\/2018\/02\/gamboa.jpg","contentUrl":"https:\/\/volcanes.net\/wp-content\/uploads\/2018\/02\/gamboa.jpg","width":400,"height":200},{"@type":"BreadcrumbList","@id":"https:\/\/volcanes.net\/?p=981#breadcrumb","itemListElement":[{"@type":"ListItem","position":1,"name":"Portada","item":"https:\/\/volcanes.net\/"},{"@type":"ListItem","position":2,"name":"PRI en Senado promover\u00e1 amplia agenda de reformas en periodo de sesiones"}]},{"@type":"WebSite","@id":"https:\/\/volcanes.net\/#website","url":"https:\/\/volcanes.net\/","name":"Volcanes.Net","description":"Periodismo Profesional","publisher":{"@id":"https:\/\/volcanes.net\/#organization"},"potentialAction":[{"@type":"SearchAction","target":{"@type":"EntryPoint","urlTemplate":"https:\/\/volcanes.net\/?s={search_term_string}"},"query-input":{"@type":"PropertyValueSpecification","valueRequired":true,"valueName":"search_term_string"}}],"inLanguage":"es"},{"@type":"Organization","@id":"https:\/\/volcanes.net\/#organization","name":"Grupo Volcanes","url":"https:\/\/volcanes.net\/","logo":{"@type":"ImageObject","inLanguage":"es","@id":"https:\/\/volcanes.net\/#\/schema\/logo\/image\/","url":"http:\/\/volcanes.net\/wp-content\/uploads\/2017\/12\/Avatar2.jpg","contentUrl":"http:\/\/volcanes.net\/wp-content\/uploads\/2017\/12\/Avatar2.jpg","width":378,"height":378,"caption":"Grupo Volcanes"},"image":{"@id":"https:\/\/volcanes.net\/#\/schema\/logo\/image\/"},"sameAs":["https:\/\/www.facebook.com\/volcanes.net\/"]},{"@type":"Person","@id":"https:\/\/volcanes.net\/#\/schema\/person\/4bf0f383940966a4abd53f5048c0e6b9","name":"admin","image":{"@type":"ImageObject","inLanguage":"es","@id":"https:\/\/volcanes.net\/#\/schema\/person\/image\/","url":"https:\/\/secure.gravatar.com\/avatar\/ca004e6cba8462b8cb7abc86e382930c?s=96&d=mm&r=g","contentUrl":"https:\/\/secure.gravatar.com\/avatar\/ca004e6cba8462b8cb7abc86e382930c?s=96&d=mm&r=g","caption":"admin"}}]}},"_links":{"self":[{"href":"https:\/\/volcanes.net\/index.php?rest_route=\/wp\/v2\/posts\/981"}],"collection":[{"href":"https:\/\/volcanes.net\/index.php?rest_route=\/wp\/v2\/posts"}],"about":[{"href":"https:\/\/volcanes.net\/index.php?rest_route=\/wp\/v2\/types\/post"}],"author":[{"embeddable":true,"href":"https:\/\/volcanes.net\/index.php?rest_route=\/wp\/v2\/users\/1"}],"replies":[{"embeddable":true,"href":"https:\/\/volcanes.net\/index.php?rest_route=%2Fwp%2Fv2%2Fcomments&post=981"}],"version-history":[{"count":1,"href":"https:\/\/volcanes.net\/index.php?rest_route=\/wp\/v2\/posts\/981\/revisions"}],"predecessor-version":[{"id":982,"href":"https:\/\/volcanes.net\/index.php?rest_route=\/wp\/v2\/posts\/981\/revisions\/982"}],"wp:featuredmedia":[{"embeddable":true,"href":"https:\/\/volcanes.net\/index.php?rest_route=\/wp\/v2\/media\/962"}],"wp:attachment":[{"href":"https:\/\/volcanes.net\/index.php?rest_route=%2Fwp%2Fv2%2Fmedia&parent=981"}],"wp:term":[{"taxonomy":"category","embeddable":true,"href":"https:\/\/volcanes.net\/index.php?rest_route=%2Fwp%2Fv2%2Fcategories&post=981"},{"taxonomy":"post_tag","embeddable":true,"href":"https:\/\/volcanes.net\/index.php?rest_route=%2Fwp%2Fv2%2Ftags&post=981"}],"curies":[{"name":"wp","href":"https:\/\/api.w.org\/{rel}","templated":true}]}}