{"id":9830,"date":"2021-01-21T18:23:13","date_gmt":"2021-01-22T00:23:13","guid":{"rendered":"http:\/\/volcanes.net\/?p=9830"},"modified":"2021-01-21T18:23:13","modified_gmt":"2021-01-22T00:23:13","slug":"gobierno-municipal-de-amecameca-y-caem-hacen-entrega-de-cobijas-en-sus-8-delegaciones","status":"publish","type":"post","link":"https:\/\/volcanes.net\/?p=9830","title":{"rendered":"Gobierno municipal de Amecameca y CAEM hacen entrega de cobijas en sus 8 delegaciones"},"content":{"rendered":"<div style=\"margin-top: 0px; margin-bottom: 0px;\" class=\"sharethis-inline-share-buttons\" ><\/div><p style=\"text-align: justify;\">Amecameca, Estado de M\u00e9xico.- El Presidente Municipal Miguel \u00c1ngel Salom\u00f3n Cort\u00e9s y la Directora General de Coordinaci\u00f3n con Organismos Operadores de Agua del Gobierno del Estado de M\u00e9xico, Silbeth Garc\u00eda Boone, entregaron en las 8 delegaciones de Amecameca un total de 500 cobijas como parte del programa invernal estatal.<\/p>\n<p style=\"text-align: justify;\">En su oportunidad el Mun\u00edcipe inform\u00f3 que la gesti\u00f3n de cobijas que se realiz\u00f3 ante el Gobierno del Estado de M\u00e9xico fue en esta ocasi\u00f3n expresamente para los habitantes de las 8 delegaciones de Amecameca, \u201ceste Gobierno Municipal siempre ha trabajado por mejorar las condiciones de vida de los ciudadanos, agradezco la confianza que siempre me han brindado y refrendo mi compromiso de continuar siendo un gestor permanente\u201d, dijo.<\/p>\n<p style=\"text-align: justify;\">Por su parte la Funcionaria estatal se\u00f1al\u00f3 que el programa invernal es un esfuerzo para aminorar en las familias los efectos del fr\u00edo, coadyuvar con su econom\u00eda y darles la seguridad de que sumando esfuerzos se pueden resolver m\u00e1s necesidades; adem\u00e1s explic\u00f3 que las cobijas fueron fabricadas 100% de PET recolectado de los cuerpos de agua que se limpian y que Amecameca entreg\u00f3 suficiente material que se transform\u00f3 en cobijas.<\/p>\n<p style=\"text-align: justify;\">Cabe mencionar que las entregas simb\u00f3licas se realizaron en su mayor\u00eda en las explanadas delegacionales, guardando las medidas sanitarias; mientras que el resto de las cobijas fueron entregadas casa por casa a los beneficiarios.<\/p>\n","protected":false},"excerpt":{"rendered":"<p>Amecameca, Estado de M\u00e9xico.- El Presidente Municipal Miguel \u00c1ngel Salom\u00f3n Cort\u00e9s y la Directora General<\/p>\n","protected":false},"author":1,"featured_media":9831,"comment_status":"open","ping_status":"open","sticky":false,"template":"","format":"standard","meta":{"footnotes":""},"categories":[1],"tags":[7],"class_list":["post-9830","post","type-post","status-publish","format-standard","has-post-thumbnail","hentry","category-municipales","tag-amecameca"],"yoast_head":"<!-- This site is optimized with the Yoast SEO plugin v25.3 - https:\/\/yoast.com\/wordpress\/plugins\/seo\/ -->\n<title>Gobierno municipal de Amecameca y CAEM hacen entrega de cobijas en sus 8 delegaciones - Volcanes<\/title>\n<meta name=\"robots\" content=\"index, follow, max-snippet:-1, max-image-preview:large, max-video-preview:-1\" \/>\n<link rel=\"canonical\" href=\"https:\/\/volcanes.net\/?p=9830\" \/>\n<meta property=\"og:locale\" content=\"es_MX\" \/>\n<meta property=\"og:type\" content=\"article\" \/>\n<meta property=\"og:title\" content=\"Gobierno municipal de Amecameca y CAEM hacen entrega de cobijas en sus 8 delegaciones - Volcanes\" \/>\n<meta property=\"og:description\" content=\"Amecameca, Estado de M\u00e9xico.- El Presidente Municipal Miguel \u00c1ngel Salom\u00f3n Cort\u00e9s y la Directora General\" \/>\n<meta property=\"og:url\" content=\"https:\/\/volcanes.net\/?p=9830\" \/>\n<meta property=\"og:site_name\" content=\"Volcanes\" \/>\n<meta property=\"article:publisher\" content=\"https:\/\/www.facebook.com\/volcanes.net\/\" \/>\n<meta property=\"article:published_time\" content=\"2021-01-22T00:23:13+00:00\" \/>\n<meta property=\"og:image\" content=\"https:\/\/volcanes.net\/wp-content\/uploads\/2021\/01\/cobijitas-768x485-1.jpg\" \/>\n\t<meta property=\"og:image:width\" content=\"768\" \/>\n\t<meta property=\"og:image:height\" content=\"485\" \/>\n\t<meta property=\"og:image:type\" content=\"image\/jpeg\" \/>\n<meta name=\"author\" content=\"admin\" \/>\n<meta name=\"twitter:card\" content=\"summary_large_image\" \/>\n<meta name=\"twitter:label1\" content=\"Escrito por\" \/>\n\t<meta name=\"twitter:data1\" content=\"admin\" \/>\n\t<meta name=\"twitter:label2\" content=\"Tiempo de lectura\" \/>\n\t<meta name=\"twitter:data2\" content=\"1 minuto\" \/>\n<script type=\"application\/ld+json\" class=\"yoast-schema-graph\">{\"@context\":\"https:\/\/schema.org\",\"@graph\":[{\"@type\":\"Article\",\"@id\":\"https:\/\/volcanes.net\/?p=9830#article\",\"isPartOf\":{\"@id\":\"https:\/\/volcanes.net\/?p=9830\"},\"author\":{\"name\":\"admin\",\"@id\":\"https:\/\/volcanes.net\/#\/schema\/person\/4bf0f383940966a4abd53f5048c0e6b9\"},\"headline\":\"Gobierno municipal de Amecameca y CAEM hacen entrega de cobijas en sus 8 delegaciones\",\"datePublished\":\"2021-01-22T00:23:13+00:00\",\"mainEntityOfPage\":{\"@id\":\"https:\/\/volcanes.net\/?p=9830\"},\"wordCount\":249,\"commentCount\":0,\"publisher\":{\"@id\":\"https:\/\/volcanes.net\/#organization\"},\"image\":{\"@id\":\"https:\/\/volcanes.net\/?p=9830#primaryimage\"},\"thumbnailUrl\":\"https:\/\/volcanes.net\/wp-content\/uploads\/2021\/01\/cobijitas-768x485-1.jpg\",\"keywords\":[\"Amecameca\"],\"articleSection\":[\"Municipales\"],\"inLanguage\":\"es\",\"potentialAction\":[{\"@type\":\"CommentAction\",\"name\":\"Comment\",\"target\":[\"https:\/\/volcanes.net\/?p=9830#respond\"]}]},{\"@type\":\"WebPage\",\"@id\":\"https:\/\/volcanes.net\/?p=9830\",\"url\":\"https:\/\/volcanes.net\/?p=9830\",\"name\":\"Gobierno municipal de Amecameca y CAEM hacen entrega de cobijas en sus 8 delegaciones - Volcanes\",\"isPartOf\":{\"@id\":\"https:\/\/volcanes.net\/#website\"},\"primaryImageOfPage\":{\"@id\":\"https:\/\/volcanes.net\/?p=9830#primaryimage\"},\"image\":{\"@id\":\"https:\/\/volcanes.net\/?p=9830#primaryimage\"},\"thumbnailUrl\":\"https:\/\/volcanes.net\/wp-content\/uploads\/2021\/01\/cobijitas-768x485-1.jpg\",\"datePublished\":\"2021-01-22T00:23:13+00:00\",\"breadcrumb\":{\"@id\":\"https:\/\/volcanes.net\/?p=9830#breadcrumb\"},\"inLanguage\":\"es\",\"potentialAction\":[{\"@type\":\"ReadAction\",\"target\":[\"https:\/\/volcanes.net\/?p=9830\"]}]},{\"@type\":\"ImageObject\",\"inLanguage\":\"es\",\"@id\":\"https:\/\/volcanes.net\/?p=9830#primaryimage\",\"url\":\"https:\/\/volcanes.net\/wp-content\/uploads\/2021\/01\/cobijitas-768x485-1.jpg\",\"contentUrl\":\"https:\/\/volcanes.net\/wp-content\/uploads\/2021\/01\/cobijitas-768x485-1.jpg\",\"width\":768,\"height\":485},{\"@type\":\"BreadcrumbList\",\"@id\":\"https:\/\/volcanes.net\/?p=9830#breadcrumb\",\"itemListElement\":[{\"@type\":\"ListItem\",\"position\":1,\"name\":\"Portada\",\"item\":\"https:\/\/volcanes.net\/\"},{\"@type\":\"ListItem\",\"position\":2,\"name\":\"Gobierno municipal de Amecameca y CAEM hacen entrega de cobijas en sus 8 delegaciones\"}]},{\"@type\":\"WebSite\",\"@id\":\"https:\/\/volcanes.net\/#website\",\"url\":\"https:\/\/volcanes.net\/\",\"name\":\"Volcanes.Net\",\"description\":\"Periodismo Profesional\",\"publisher\":{\"@id\":\"https:\/\/volcanes.net\/#organization\"},\"potentialAction\":[{\"@type\":\"SearchAction\",\"target\":{\"@type\":\"EntryPoint\",\"urlTemplate\":\"https:\/\/volcanes.net\/?s={search_term_string}\"},\"query-input\":{\"@type\":\"PropertyValueSpecification\",\"valueRequired\":true,\"valueName\":\"search_term_string\"}}],\"inLanguage\":\"es\"},{\"@type\":\"Organization\",\"@id\":\"https:\/\/volcanes.net\/#organization\",\"name\":\"Grupo Volcanes\",\"url\":\"https:\/\/volcanes.net\/\",\"logo\":{\"@type\":\"ImageObject\",\"inLanguage\":\"es\",\"@id\":\"https:\/\/volcanes.net\/#\/schema\/logo\/image\/\",\"url\":\"http:\/\/volcanes.net\/wp-content\/uploads\/2017\/12\/Avatar2.jpg\",\"contentUrl\":\"http:\/\/volcanes.net\/wp-content\/uploads\/2017\/12\/Avatar2.jpg\",\"width\":378,\"height\":378,\"caption\":\"Grupo Volcanes\"},\"image\":{\"@id\":\"https:\/\/volcanes.net\/#\/schema\/logo\/image\/\"},\"sameAs\":[\"https:\/\/www.facebook.com\/volcanes.net\/\"]},{\"@type\":\"Person\",\"@id\":\"https:\/\/volcanes.net\/#\/schema\/person\/4bf0f383940966a4abd53f5048c0e6b9\",\"name\":\"admin\",\"image\":{\"@type\":\"ImageObject\",\"inLanguage\":\"es\",\"@id\":\"https:\/\/volcanes.net\/#\/schema\/person\/image\/\",\"url\":\"https:\/\/secure.gravatar.com\/avatar\/ca004e6cba8462b8cb7abc86e382930c?s=96&d=mm&r=g\",\"contentUrl\":\"https:\/\/secure.gravatar.com\/avatar\/ca004e6cba8462b8cb7abc86e382930c?s=96&d=mm&r=g\",\"caption\":\"admin\"}}]}<\/script>\n<!-- \/ Yoast SEO plugin. -->","yoast_head_json":{"title":"Gobierno municipal de Amecameca y CAEM hacen entrega de cobijas en sus 8 delegaciones - Volcanes","robots":{"index":"index","follow":"follow","max-snippet":"max-snippet:-1","max-image-preview":"max-image-preview:large","max-video-preview":"max-video-preview:-1"},"canonical":"https:\/\/volcanes.net\/?p=9830","og_locale":"es_MX","og_type":"article","og_title":"Gobierno municipal de Amecameca y CAEM hacen entrega de cobijas en sus 8 delegaciones - Volcanes","og_description":"Amecameca, Estado de M\u00e9xico.- El Presidente Municipal Miguel \u00c1ngel Salom\u00f3n Cort\u00e9s y la Directora General","og_url":"https:\/\/volcanes.net\/?p=9830","og_site_name":"Volcanes","article_publisher":"https:\/\/www.facebook.com\/volcanes.net\/","article_published_time":"2021-01-22T00:23:13+00:00","og_image":[{"width":768,"height":485,"url":"https:\/\/volcanes.net\/wp-content\/uploads\/2021\/01\/cobijitas-768x485-1.jpg","type":"image\/jpeg"}],"author":"admin","twitter_card":"summary_large_image","twitter_misc":{"Escrito por":"admin","Tiempo de lectura":"1 minuto"},"schema":{"@context":"https:\/\/schema.org","@graph":[{"@type":"Article","@id":"https:\/\/volcanes.net\/?p=9830#article","isPartOf":{"@id":"https:\/\/volcanes.net\/?p=9830"},"author":{"name":"admin","@id":"https:\/\/volcanes.net\/#\/schema\/person\/4bf0f383940966a4abd53f5048c0e6b9"},"headline":"Gobierno municipal de Amecameca y CAEM hacen entrega de cobijas en sus 8 delegaciones","datePublished":"2021-01-22T00:23:13+00:00","mainEntityOfPage":{"@id":"https:\/\/volcanes.net\/?p=9830"},"wordCount":249,"commentCount":0,"publisher":{"@id":"https:\/\/volcanes.net\/#organization"},"image":{"@id":"https:\/\/volcanes.net\/?p=9830#primaryimage"},"thumbnailUrl":"https:\/\/volcanes.net\/wp-content\/uploads\/2021\/01\/cobijitas-768x485-1.jpg","keywords":["Amecameca"],"articleSection":["Municipales"],"inLanguage":"es","potentialAction":[{"@type":"CommentAction","name":"Comment","target":["https:\/\/volcanes.net\/?p=9830#respond"]}]},{"@type":"WebPage","@id":"https:\/\/volcanes.net\/?p=9830","url":"https:\/\/volcanes.net\/?p=9830","name":"Gobierno municipal de Amecameca y CAEM hacen entrega de cobijas en sus 8 delegaciones - Volcanes","isPartOf":{"@id":"https:\/\/volcanes.net\/#website"},"primaryImageOfPage":{"@id":"https:\/\/volcanes.net\/?p=9830#primaryimage"},"image":{"@id":"https:\/\/volcanes.net\/?p=9830#primaryimage"},"thumbnailUrl":"https:\/\/volcanes.net\/wp-content\/uploads\/2021\/01\/cobijitas-768x485-1.jpg","datePublished":"2021-01-22T00:23:13+00:00","breadcrumb":{"@id":"https:\/\/volcanes.net\/?p=9830#breadcrumb"},"inLanguage":"es","potentialAction":[{"@type":"ReadAction","target":["https:\/\/volcanes.net\/?p=9830"]}]},{"@type":"ImageObject","inLanguage":"es","@id":"https:\/\/volcanes.net\/?p=9830#primaryimage","url":"https:\/\/volcanes.net\/wp-content\/uploads\/2021\/01\/cobijitas-768x485-1.jpg","contentUrl":"https:\/\/volcanes.net\/wp-content\/uploads\/2021\/01\/cobijitas-768x485-1.jpg","width":768,"height":485},{"@type":"BreadcrumbList","@id":"https:\/\/volcanes.net\/?p=9830#breadcrumb","itemListElement":[{"@type":"ListItem","position":1,"name":"Portada","item":"https:\/\/volcanes.net\/"},{"@type":"ListItem","position":2,"name":"Gobierno municipal de Amecameca y CAEM hacen entrega de cobijas en sus 8 delegaciones"}]},{"@type":"WebSite","@id":"https:\/\/volcanes.net\/#website","url":"https:\/\/volcanes.net\/","name":"Volcanes.Net","description":"Periodismo Profesional","publisher":{"@id":"https:\/\/volcanes.net\/#organization"},"potentialAction":[{"@type":"SearchAction","target":{"@type":"EntryPoint","urlTemplate":"https:\/\/volcanes.net\/?s={search_term_string}"},"query-input":{"@type":"PropertyValueSpecification","valueRequired":true,"valueName":"search_term_string"}}],"inLanguage":"es"},{"@type":"Organization","@id":"https:\/\/volcanes.net\/#organization","name":"Grupo Volcanes","url":"https:\/\/volcanes.net\/","logo":{"@type":"ImageObject","inLanguage":"es","@id":"https:\/\/volcanes.net\/#\/schema\/logo\/image\/","url":"http:\/\/volcanes.net\/wp-content\/uploads\/2017\/12\/Avatar2.jpg","contentUrl":"http:\/\/volcanes.net\/wp-content\/uploads\/2017\/12\/Avatar2.jpg","width":378,"height":378,"caption":"Grupo Volcanes"},"image":{"@id":"https:\/\/volcanes.net\/#\/schema\/logo\/image\/"},"sameAs":["https:\/\/www.facebook.com\/volcanes.net\/"]},{"@type":"Person","@id":"https:\/\/volcanes.net\/#\/schema\/person\/4bf0f383940966a4abd53f5048c0e6b9","name":"admin","image":{"@type":"ImageObject","inLanguage":"es","@id":"https:\/\/volcanes.net\/#\/schema\/person\/image\/","url":"https:\/\/secure.gravatar.com\/avatar\/ca004e6cba8462b8cb7abc86e382930c?s=96&d=mm&r=g","contentUrl":"https:\/\/secure.gravatar.com\/avatar\/ca004e6cba8462b8cb7abc86e382930c?s=96&d=mm&r=g","caption":"admin"}}]}},"_links":{"self":[{"href":"https:\/\/volcanes.net\/index.php?rest_route=\/wp\/v2\/posts\/9830"}],"collection":[{"href":"https:\/\/volcanes.net\/index.php?rest_route=\/wp\/v2\/posts"}],"about":[{"href":"https:\/\/volcanes.net\/index.php?rest_route=\/wp\/v2\/types\/post"}],"author":[{"embeddable":true,"href":"https:\/\/volcanes.net\/index.php?rest_route=\/wp\/v2\/users\/1"}],"replies":[{"embeddable":true,"href":"https:\/\/volcanes.net\/index.php?rest_route=%2Fwp%2Fv2%2Fcomments&post=9830"}],"version-history":[{"count":1,"href":"https:\/\/volcanes.net\/index.php?rest_route=\/wp\/v2\/posts\/9830\/revisions"}],"predecessor-version":[{"id":9832,"href":"https:\/\/volcanes.net\/index.php?rest_route=\/wp\/v2\/posts\/9830\/revisions\/9832"}],"wp:featuredmedia":[{"embeddable":true,"href":"https:\/\/volcanes.net\/index.php?rest_route=\/wp\/v2\/media\/9831"}],"wp:attachment":[{"href":"https:\/\/volcanes.net\/index.php?rest_route=%2Fwp%2Fv2%2Fmedia&parent=9830"}],"wp:term":[{"taxonomy":"category","embeddable":true,"href":"https:\/\/volcanes.net\/index.php?rest_route=%2Fwp%2Fv2%2Fcategories&post=9830"},{"taxonomy":"post_tag","embeddable":true,"href":"https:\/\/volcanes.net\/index.php?rest_route=%2Fwp%2Fv2%2Ftags&post=9830"}],"curies":[{"name":"wp","href":"https:\/\/api.w.org\/{rel}","templated":true}]}}