{"id":985,"date":"2018-02-02T16:01:32","date_gmt":"2018-02-02T16:01:32","guid":{"rendered":"http:\/\/volcanes.net\/?p=985"},"modified":"2018-02-02T16:01:32","modified_gmt":"2018-02-02T16:01:32","slug":"mexico-quiere-escuchar-ya-propuestas-concretas-no-confrontacion-meade","status":"publish","type":"post","link":"https:\/\/volcanes.net\/?p=985","title":{"rendered":"M\u00e9xico quiere escuchar ya propuestas concretas, no confrontaci\u00f3n: Meade"},"content":{"rendered":"<div style=\"margin-top: 0px; margin-bottom: 0px;\" class=\"sharethis-inline-share-buttons\" ><\/div><p>El precandidato presidencial del PRI, Jos\u00e9 Antonio Meade, afirm\u00f3 que la poblaci\u00f3n ya no quiere escuchar de divisi\u00f3n ni de confrontaci\u00f3n, pues quiere saber qu\u00e9 ofrecen los aspirantes para resolver problem\u00e1ticas como inseguridad, desempleo y falta de servicios en las viviendas.<\/p>\n<p>\u201cLo que M\u00e9xico espera escuchar de sus pol\u00edticos son propuestas concretas, que den soluciones reales a sus inquietudes\u201d, dijo en Culiac\u00e1n, Sinaloa.<\/p>\n<p>Ante militancia del Partido Revolucionario Institucional (PRI) en la entidad, dej\u00f3 en claro que la l\u00ednea que habr\u00e1 en la carrera presidencial ser\u00e1 la ruta de las ideas, no la de la confrontaci\u00f3n.<\/p>\n<p>\u201cA la gente no le interesa qu\u00e9 piensan los candidatos de la campa\u00f1a del vecino, a la gente le interesa qu\u00e9 piensan los candidatos de sus problemas, de sus circunstancias y de su realidad.<\/p>\n<p>\u201cY eso es lo que hemos venido haciendo en la precampa\u00f1a y vamos a hacer en la campa\u00f1a\u201d, expres\u00f3 Meade quien estuvo acompa\u00f1ado por exgobernadores, diputados locales, federales y senadores de Sinaloa.<\/p>\n<p>Meade Kuribre\u00f1a expuso que una de sus prioridades ser\u00e1 hacer equipo con las mujeres para apoyar su desarrollo, empoderarlas y que nunca m\u00e1s sean v\u00edctimas de discriminaci\u00f3n ni de violencia.<\/p>\n<p>El precandidato asegur\u00f3 que trabajar\u00e1 para que haya una cultura del respeto a la mujer en el pa\u00eds, la cual habr\u00e1 de replicarse en las calles, en las escuelas y en los centros laborales. \u201cEn M\u00e9xico habr\u00e1 cero tolerancia con quien le falte al respeto a una mujer\u201d, advirti\u00f3.<\/p>\n<p>Reiter\u00f3 que en su plataforma electoral incluir\u00e1 cinco puntos medulares para promover la equidad de g\u00e9nero, entre los que destacan el otorgamiento de cr\u00e9ditos, donde el proyecto y la palabra sean el \u00fanico requisito para tener acceso a un pr\u00e9stamo.<\/p>\n<p>Tambi\u00e9n mencion\u00f3 guarder\u00edas, preescolares y primarias de horario ampliado con alimentos, para que sea compatible su incorporaci\u00f3n plena a las actividades productivas, con la certeza de que sus hijas e hijos est\u00e1n bien cuidados.<\/p>\n<p>Meade inform\u00f3 que su agenda tambi\u00e9n contempla que las mujeres puedan ser acreedoras a becas de superaci\u00f3n, para que ellas y sus hijos puedan seguir capacit\u00e1ndose.<\/p>\n<p>Tambi\u00e9n ofreci\u00f3 dignificar los salarios que reciben para que sean justos y sin distinci\u00f3n de g\u00e9nero; a trabajo igual, recompensa igual, subray\u00f3 ante militantes sinaloenses.<\/p>\n<p>El presidente del Comit\u00e9 Directivo Estatal del PRI de Sinaloa, Carlos Gandarilla Garc\u00eda, confi\u00f3 en que la experiencia y trayectoria de Jos\u00e9 Antonio Meade habr\u00e1n de dar viabilidad y certeza al campo, as\u00ed como a los productores de la entidad.<\/p>\n<p>Agreg\u00f3 que el precandidato del PRI a la Presidencia de la Rep\u00fablica sabr\u00e1 enfrentar con absoluta determinaci\u00f3n y fortaleza la corrupci\u00f3n e impunidad.<\/p>\n<p>Como parte de sus actividades en Sinaloa, Meade Kuribre\u00f1a se reuni\u00f3 con empresarios del estado, quienes le expresaron sus inquietudes en torno a los retos que enfrenta el sector productivo en esta regi\u00f3n.<\/p>\n<p>Por la tarde, Meade dialogar\u00e1 con mujeres de la entidad, a quienes refrendar\u00e1 su compromiso para impulsar su desarrollo.<\/p>\n<p>El precandidato viajar\u00e1 el viernes a Jalisco, donde participar\u00e1 en el VI Foro Nacional Puntos de Encuentro: Por un Campo Pr\u00f3spero.<\/p>\n","protected":false},"excerpt":{"rendered":"<p>El precandidato presidencial del PRI, Jos\u00e9 Antonio Meade, afirm\u00f3 que la poblaci\u00f3n ya no quiere<\/p>\n","protected":false},"author":1,"featured_media":964,"comment_status":"open","ping_status":"open","sticky":false,"template":"","format":"standard","meta":{"footnotes":""},"categories":[1],"tags":[36,10],"class_list":["post-985","post","type-post","status-publish","format-standard","has-post-thumbnail","hentry","category-municipales","tag-meade","tag-pri"],"yoast_head":"<!-- This site is optimized with the Yoast SEO plugin v25.3 - https:\/\/yoast.com\/wordpress\/plugins\/seo\/ -->\n<title>M\u00e9xico quiere escuchar ya propuestas concretas, no confrontaci\u00f3n: Meade - Volcanes<\/title>\n<meta name=\"robots\" content=\"index, follow, max-snippet:-1, max-image-preview:large, max-video-preview:-1\" \/>\n<link rel=\"canonical\" href=\"https:\/\/volcanes.net\/?p=985\" \/>\n<meta property=\"og:locale\" content=\"es_MX\" \/>\n<meta property=\"og:type\" content=\"article\" \/>\n<meta property=\"og:title\" content=\"M\u00e9xico quiere escuchar ya propuestas concretas, no confrontaci\u00f3n: Meade - Volcanes\" \/>\n<meta property=\"og:description\" content=\"El precandidato presidencial del PRI, Jos\u00e9 Antonio Meade, afirm\u00f3 que la poblaci\u00f3n ya no quiere\" \/>\n<meta property=\"og:url\" content=\"https:\/\/volcanes.net\/?p=985\" \/>\n<meta property=\"og:site_name\" content=\"Volcanes\" \/>\n<meta property=\"article:publisher\" content=\"https:\/\/www.facebook.com\/volcanes.net\/\" \/>\n<meta property=\"article:published_time\" content=\"2018-02-02T16:01:32+00:00\" \/>\n<meta property=\"og:image\" content=\"https:\/\/volcanes.net\/wp-content\/uploads\/2018\/02\/meade-sinaloa.jpg\" \/>\n\t<meta property=\"og:image:width\" content=\"400\" \/>\n\t<meta property=\"og:image:height\" content=\"200\" \/>\n\t<meta property=\"og:image:type\" content=\"image\/jpeg\" \/>\n<meta name=\"author\" content=\"admin\" \/>\n<meta name=\"twitter:card\" content=\"summary_large_image\" \/>\n<meta name=\"twitter:label1\" content=\"Escrito por\" \/>\n\t<meta name=\"twitter:data1\" content=\"admin\" \/>\n\t<meta name=\"twitter:label2\" content=\"Tiempo de lectura\" \/>\n\t<meta name=\"twitter:data2\" content=\"3 minutos\" \/>\n<script type=\"application\/ld+json\" class=\"yoast-schema-graph\">{\"@context\":\"https:\/\/schema.org\",\"@graph\":[{\"@type\":\"Article\",\"@id\":\"https:\/\/volcanes.net\/?p=985#article\",\"isPartOf\":{\"@id\":\"https:\/\/volcanes.net\/?p=985\"},\"author\":{\"name\":\"admin\",\"@id\":\"https:\/\/volcanes.net\/#\/schema\/person\/4bf0f383940966a4abd53f5048c0e6b9\"},\"headline\":\"M\u00e9xico quiere escuchar ya propuestas concretas, no confrontaci\u00f3n: Meade\",\"datePublished\":\"2018-02-02T16:01:32+00:00\",\"mainEntityOfPage\":{\"@id\":\"https:\/\/volcanes.net\/?p=985\"},\"wordCount\":553,\"commentCount\":0,\"publisher\":{\"@id\":\"https:\/\/volcanes.net\/#organization\"},\"image\":{\"@id\":\"https:\/\/volcanes.net\/?p=985#primaryimage\"},\"thumbnailUrl\":\"https:\/\/volcanes.net\/wp-content\/uploads\/2018\/02\/meade-sinaloa.jpg\",\"keywords\":[\"Meade\",\"PRI\"],\"articleSection\":[\"Municipales\"],\"inLanguage\":\"es\",\"potentialAction\":[{\"@type\":\"CommentAction\",\"name\":\"Comment\",\"target\":[\"https:\/\/volcanes.net\/?p=985#respond\"]}]},{\"@type\":\"WebPage\",\"@id\":\"https:\/\/volcanes.net\/?p=985\",\"url\":\"https:\/\/volcanes.net\/?p=985\",\"name\":\"M\u00e9xico quiere escuchar ya propuestas concretas, no confrontaci\u00f3n: Meade - Volcanes\",\"isPartOf\":{\"@id\":\"https:\/\/volcanes.net\/#website\"},\"primaryImageOfPage\":{\"@id\":\"https:\/\/volcanes.net\/?p=985#primaryimage\"},\"image\":{\"@id\":\"https:\/\/volcanes.net\/?p=985#primaryimage\"},\"thumbnailUrl\":\"https:\/\/volcanes.net\/wp-content\/uploads\/2018\/02\/meade-sinaloa.jpg\",\"datePublished\":\"2018-02-02T16:01:32+00:00\",\"breadcrumb\":{\"@id\":\"https:\/\/volcanes.net\/?p=985#breadcrumb\"},\"inLanguage\":\"es\",\"potentialAction\":[{\"@type\":\"ReadAction\",\"target\":[\"https:\/\/volcanes.net\/?p=985\"]}]},{\"@type\":\"ImageObject\",\"inLanguage\":\"es\",\"@id\":\"https:\/\/volcanes.net\/?p=985#primaryimage\",\"url\":\"https:\/\/volcanes.net\/wp-content\/uploads\/2018\/02\/meade-sinaloa.jpg\",\"contentUrl\":\"https:\/\/volcanes.net\/wp-content\/uploads\/2018\/02\/meade-sinaloa.jpg\",\"width\":400,\"height\":200},{\"@type\":\"BreadcrumbList\",\"@id\":\"https:\/\/volcanes.net\/?p=985#breadcrumb\",\"itemListElement\":[{\"@type\":\"ListItem\",\"position\":1,\"name\":\"Portada\",\"item\":\"https:\/\/volcanes.net\/\"},{\"@type\":\"ListItem\",\"position\":2,\"name\":\"M\u00e9xico quiere escuchar ya propuestas concretas, no confrontaci\u00f3n: Meade\"}]},{\"@type\":\"WebSite\",\"@id\":\"https:\/\/volcanes.net\/#website\",\"url\":\"https:\/\/volcanes.net\/\",\"name\":\"Volcanes.Net\",\"description\":\"Periodismo Profesional\",\"publisher\":{\"@id\":\"https:\/\/volcanes.net\/#organization\"},\"potentialAction\":[{\"@type\":\"SearchAction\",\"target\":{\"@type\":\"EntryPoint\",\"urlTemplate\":\"https:\/\/volcanes.net\/?s={search_term_string}\"},\"query-input\":{\"@type\":\"PropertyValueSpecification\",\"valueRequired\":true,\"valueName\":\"search_term_string\"}}],\"inLanguage\":\"es\"},{\"@type\":\"Organization\",\"@id\":\"https:\/\/volcanes.net\/#organization\",\"name\":\"Grupo Volcanes\",\"url\":\"https:\/\/volcanes.net\/\",\"logo\":{\"@type\":\"ImageObject\",\"inLanguage\":\"es\",\"@id\":\"https:\/\/volcanes.net\/#\/schema\/logo\/image\/\",\"url\":\"http:\/\/volcanes.net\/wp-content\/uploads\/2017\/12\/Avatar2.jpg\",\"contentUrl\":\"http:\/\/volcanes.net\/wp-content\/uploads\/2017\/12\/Avatar2.jpg\",\"width\":378,\"height\":378,\"caption\":\"Grupo Volcanes\"},\"image\":{\"@id\":\"https:\/\/volcanes.net\/#\/schema\/logo\/image\/\"},\"sameAs\":[\"https:\/\/www.facebook.com\/volcanes.net\/\"]},{\"@type\":\"Person\",\"@id\":\"https:\/\/volcanes.net\/#\/schema\/person\/4bf0f383940966a4abd53f5048c0e6b9\",\"name\":\"admin\",\"image\":{\"@type\":\"ImageObject\",\"inLanguage\":\"es\",\"@id\":\"https:\/\/volcanes.net\/#\/schema\/person\/image\/\",\"url\":\"https:\/\/secure.gravatar.com\/avatar\/ca004e6cba8462b8cb7abc86e382930c?s=96&d=mm&r=g\",\"contentUrl\":\"https:\/\/secure.gravatar.com\/avatar\/ca004e6cba8462b8cb7abc86e382930c?s=96&d=mm&r=g\",\"caption\":\"admin\"}}]}<\/script>\n<!-- \/ Yoast SEO plugin. -->","yoast_head_json":{"title":"M\u00e9xico quiere escuchar ya propuestas concretas, no confrontaci\u00f3n: Meade - Volcanes","robots":{"index":"index","follow":"follow","max-snippet":"max-snippet:-1","max-image-preview":"max-image-preview:large","max-video-preview":"max-video-preview:-1"},"canonical":"https:\/\/volcanes.net\/?p=985","og_locale":"es_MX","og_type":"article","og_title":"M\u00e9xico quiere escuchar ya propuestas concretas, no confrontaci\u00f3n: Meade - Volcanes","og_description":"El precandidato presidencial del PRI, Jos\u00e9 Antonio Meade, afirm\u00f3 que la poblaci\u00f3n ya no quiere","og_url":"https:\/\/volcanes.net\/?p=985","og_site_name":"Volcanes","article_publisher":"https:\/\/www.facebook.com\/volcanes.net\/","article_published_time":"2018-02-02T16:01:32+00:00","og_image":[{"width":400,"height":200,"url":"https:\/\/volcanes.net\/wp-content\/uploads\/2018\/02\/meade-sinaloa.jpg","type":"image\/jpeg"}],"author":"admin","twitter_card":"summary_large_image","twitter_misc":{"Escrito por":"admin","Tiempo de lectura":"3 minutos"},"schema":{"@context":"https:\/\/schema.org","@graph":[{"@type":"Article","@id":"https:\/\/volcanes.net\/?p=985#article","isPartOf":{"@id":"https:\/\/volcanes.net\/?p=985"},"author":{"name":"admin","@id":"https:\/\/volcanes.net\/#\/schema\/person\/4bf0f383940966a4abd53f5048c0e6b9"},"headline":"M\u00e9xico quiere escuchar ya propuestas concretas, no confrontaci\u00f3n: Meade","datePublished":"2018-02-02T16:01:32+00:00","mainEntityOfPage":{"@id":"https:\/\/volcanes.net\/?p=985"},"wordCount":553,"commentCount":0,"publisher":{"@id":"https:\/\/volcanes.net\/#organization"},"image":{"@id":"https:\/\/volcanes.net\/?p=985#primaryimage"},"thumbnailUrl":"https:\/\/volcanes.net\/wp-content\/uploads\/2018\/02\/meade-sinaloa.jpg","keywords":["Meade","PRI"],"articleSection":["Municipales"],"inLanguage":"es","potentialAction":[{"@type":"CommentAction","name":"Comment","target":["https:\/\/volcanes.net\/?p=985#respond"]}]},{"@type":"WebPage","@id":"https:\/\/volcanes.net\/?p=985","url":"https:\/\/volcanes.net\/?p=985","name":"M\u00e9xico quiere escuchar ya propuestas concretas, no confrontaci\u00f3n: Meade - Volcanes","isPartOf":{"@id":"https:\/\/volcanes.net\/#website"},"primaryImageOfPage":{"@id":"https:\/\/volcanes.net\/?p=985#primaryimage"},"image":{"@id":"https:\/\/volcanes.net\/?p=985#primaryimage"},"thumbnailUrl":"https:\/\/volcanes.net\/wp-content\/uploads\/2018\/02\/meade-sinaloa.jpg","datePublished":"2018-02-02T16:01:32+00:00","breadcrumb":{"@id":"https:\/\/volcanes.net\/?p=985#breadcrumb"},"inLanguage":"es","potentialAction":[{"@type":"ReadAction","target":["https:\/\/volcanes.net\/?p=985"]}]},{"@type":"ImageObject","inLanguage":"es","@id":"https:\/\/volcanes.net\/?p=985#primaryimage","url":"https:\/\/volcanes.net\/wp-content\/uploads\/2018\/02\/meade-sinaloa.jpg","contentUrl":"https:\/\/volcanes.net\/wp-content\/uploads\/2018\/02\/meade-sinaloa.jpg","width":400,"height":200},{"@type":"BreadcrumbList","@id":"https:\/\/volcanes.net\/?p=985#breadcrumb","itemListElement":[{"@type":"ListItem","position":1,"name":"Portada","item":"https:\/\/volcanes.net\/"},{"@type":"ListItem","position":2,"name":"M\u00e9xico quiere escuchar ya propuestas concretas, no confrontaci\u00f3n: Meade"}]},{"@type":"WebSite","@id":"https:\/\/volcanes.net\/#website","url":"https:\/\/volcanes.net\/","name":"Volcanes.Net","description":"Periodismo Profesional","publisher":{"@id":"https:\/\/volcanes.net\/#organization"},"potentialAction":[{"@type":"SearchAction","target":{"@type":"EntryPoint","urlTemplate":"https:\/\/volcanes.net\/?s={search_term_string}"},"query-input":{"@type":"PropertyValueSpecification","valueRequired":true,"valueName":"search_term_string"}}],"inLanguage":"es"},{"@type":"Organization","@id":"https:\/\/volcanes.net\/#organization","name":"Grupo Volcanes","url":"https:\/\/volcanes.net\/","logo":{"@type":"ImageObject","inLanguage":"es","@id":"https:\/\/volcanes.net\/#\/schema\/logo\/image\/","url":"http:\/\/volcanes.net\/wp-content\/uploads\/2017\/12\/Avatar2.jpg","contentUrl":"http:\/\/volcanes.net\/wp-content\/uploads\/2017\/12\/Avatar2.jpg","width":378,"height":378,"caption":"Grupo Volcanes"},"image":{"@id":"https:\/\/volcanes.net\/#\/schema\/logo\/image\/"},"sameAs":["https:\/\/www.facebook.com\/volcanes.net\/"]},{"@type":"Person","@id":"https:\/\/volcanes.net\/#\/schema\/person\/4bf0f383940966a4abd53f5048c0e6b9","name":"admin","image":{"@type":"ImageObject","inLanguage":"es","@id":"https:\/\/volcanes.net\/#\/schema\/person\/image\/","url":"https:\/\/secure.gravatar.com\/avatar\/ca004e6cba8462b8cb7abc86e382930c?s=96&d=mm&r=g","contentUrl":"https:\/\/secure.gravatar.com\/avatar\/ca004e6cba8462b8cb7abc86e382930c?s=96&d=mm&r=g","caption":"admin"}}]}},"_links":{"self":[{"href":"https:\/\/volcanes.net\/index.php?rest_route=\/wp\/v2\/posts\/985"}],"collection":[{"href":"https:\/\/volcanes.net\/index.php?rest_route=\/wp\/v2\/posts"}],"about":[{"href":"https:\/\/volcanes.net\/index.php?rest_route=\/wp\/v2\/types\/post"}],"author":[{"embeddable":true,"href":"https:\/\/volcanes.net\/index.php?rest_route=\/wp\/v2\/users\/1"}],"replies":[{"embeddable":true,"href":"https:\/\/volcanes.net\/index.php?rest_route=%2Fwp%2Fv2%2Fcomments&post=985"}],"version-history":[{"count":1,"href":"https:\/\/volcanes.net\/index.php?rest_route=\/wp\/v2\/posts\/985\/revisions"}],"predecessor-version":[{"id":986,"href":"https:\/\/volcanes.net\/index.php?rest_route=\/wp\/v2\/posts\/985\/revisions\/986"}],"wp:featuredmedia":[{"embeddable":true,"href":"https:\/\/volcanes.net\/index.php?rest_route=\/wp\/v2\/media\/964"}],"wp:attachment":[{"href":"https:\/\/volcanes.net\/index.php?rest_route=%2Fwp%2Fv2%2Fmedia&parent=985"}],"wp:term":[{"taxonomy":"category","embeddable":true,"href":"https:\/\/volcanes.net\/index.php?rest_route=%2Fwp%2Fv2%2Fcategories&post=985"},{"taxonomy":"post_tag","embeddable":true,"href":"https:\/\/volcanes.net\/index.php?rest_route=%2Fwp%2Fv2%2Ftags&post=985"}],"curies":[{"name":"wp","href":"https:\/\/api.w.org\/{rel}","templated":true}]}}