{"id":9863,"date":"2021-01-26T13:46:34","date_gmt":"2021-01-26T19:46:34","guid":{"rendered":"http:\/\/volcanes.net\/?p=9863"},"modified":"2021-01-26T13:46:34","modified_gmt":"2021-01-26T19:46:34","slug":"edil-de-ozumba-da-respuesta-a-transportistas-de-la-ruta-de-autotransporte-vicente-guerrero","status":"publish","type":"post","link":"https:\/\/volcanes.net\/?p=9863","title":{"rendered":"Edil de Ozumba da respuesta a transportistas de la Ruta de Autotransporte Vicente Guerrero"},"content":{"rendered":"<div style=\"margin-top: 0px; margin-bottom: 0px;\" class=\"sharethis-inline-share-buttons\" ><\/div><p style=\"text-align: justify;\">Ozumba, Estado de M\u00e9xico.- Durante la noche del lunes 25 de enero, Valent\u00edn Mart\u00ednez Castillo, presidente de este municipio mexiquense emiti\u00f3 un mensaje por medio de la p\u00e1gina oficial del Ayuntamiento en donde aclara la petici\u00f3n de &#8220;Autotransportes de Pasaje General Vicente Guerrero S.A. de C.V.\u201d con derrotero a Cuautla, luego de que en el transcurso de la tarde algunos de estos transportes colocaron en los vidrios laterales la leyenda &#8220;Queremos soluci\u00f3n se\u00f1or presidente Valent\u00edn&#8221;.<\/p>\n<p style=\"text-align: justify;\">Ante ello, el mun\u00edcipe del Gobierno de los Pueblos, coment\u00f3 que la semana pasada sostuvo una reuni\u00f3n con las principales rutas que est\u00e1n autorizadas en el municipio,\u00a0 en la que se revisaron y verificaron temas respecto a la vialidad debido a que actualmente se est\u00e1n realizando trabajos de reparaci\u00f3n con concreto hidr\u00e1ulico de la Avenida Cuauht\u00e9moc y tramo de la calle Ferrocarril a Corregidora.<\/p>\n<p style=\"text-align: justify;\">Por lo que en dicha reuni\u00f3n se habl\u00f3 de como estar\u00edan operando los transportistas, con el fin de apoyar los trabajos en materia de obra p\u00fablica, con el fin de evitar una aglomeraci\u00f3n veh\u00edcular, principalmente los d\u00edas martes ya se realizan actividades de comercio por lo que en ese d\u00eda se registra m\u00e1s movilidad.<\/p>\n<p style=\"text-align: justify;\">Mart\u00ednez Castillo, comenta que el d\u00eda que se llev\u00f3 a cabo dicha reuni\u00f3n, estuvo presente la mesa directiva de la empresa de &#8220;Autotransportes General Vicente Guerrero&#8221;,\u00a0 en donde llegaron a buenos acuerdos, sin embargo, el edil cometa que en el transcurso de la tarde-noche trataron de ponerse en contacto con ellos, para escuchar a qu\u00e9 tipo de soluci\u00f3n se refieren as\u00ed como de conocer sus inconformidades con el fin de evitar malos entendidos.<\/p>\n<p style=\"text-align: justify;\">\n","protected":false},"excerpt":{"rendered":"<p>Ozumba, Estado de M\u00e9xico.- Durante la noche del lunes 25 de enero, Valent\u00edn Mart\u00ednez Castillo,<\/p>\n","protected":false},"author":1,"featured_media":9864,"comment_status":"open","ping_status":"open","sticky":false,"template":"","format":"standard","meta":{"footnotes":""},"categories":[1],"tags":[],"class_list":["post-9863","post","type-post","status-publish","format-standard","has-post-thumbnail","hentry","category-municipales"],"yoast_head":"<!-- This site is optimized with the Yoast SEO plugin v25.3 - https:\/\/yoast.com\/wordpress\/plugins\/seo\/ -->\n<title>Edil de Ozumba da respuesta a transportistas de la Ruta de Autotransporte Vicente Guerrero - Volcanes<\/title>\n<meta name=\"robots\" content=\"index, follow, max-snippet:-1, max-image-preview:large, max-video-preview:-1\" \/>\n<link rel=\"canonical\" href=\"https:\/\/volcanes.net\/?p=9863\" \/>\n<meta property=\"og:locale\" content=\"es_MX\" \/>\n<meta property=\"og:type\" content=\"article\" \/>\n<meta property=\"og:title\" content=\"Edil de Ozumba da respuesta a transportistas de la Ruta de Autotransporte Vicente Guerrero - Volcanes\" \/>\n<meta property=\"og:description\" content=\"Ozumba, Estado de M\u00e9xico.- Durante la noche del lunes 25 de enero, Valent\u00edn Mart\u00ednez Castillo,\" \/>\n<meta property=\"og:url\" content=\"https:\/\/volcanes.net\/?p=9863\" \/>\n<meta property=\"og:site_name\" content=\"Volcanes\" \/>\n<meta property=\"article:publisher\" content=\"https:\/\/www.facebook.com\/volcanes.net\/\" \/>\n<meta property=\"article:published_time\" content=\"2021-01-26T19:46:34+00:00\" \/>\n<meta property=\"og:image\" content=\"https:\/\/volcanes.net\/wp-content\/uploads\/2021\/01\/Screenshot_2021-01-26-09-06-232.jpg\" \/>\n\t<meta property=\"og:image:width\" content=\"720\" \/>\n\t<meta property=\"og:image:height\" content=\"394\" \/>\n\t<meta property=\"og:image:type\" content=\"image\/jpeg\" \/>\n<meta name=\"author\" content=\"admin\" \/>\n<meta name=\"twitter:card\" content=\"summary_large_image\" \/>\n<meta name=\"twitter:label1\" content=\"Escrito por\" \/>\n\t<meta name=\"twitter:data1\" content=\"admin\" \/>\n\t<meta name=\"twitter:label2\" content=\"Tiempo de lectura\" \/>\n\t<meta name=\"twitter:data2\" content=\"1 minuto\" \/>\n<script type=\"application\/ld+json\" class=\"yoast-schema-graph\">{\"@context\":\"https:\/\/schema.org\",\"@graph\":[{\"@type\":\"Article\",\"@id\":\"https:\/\/volcanes.net\/?p=9863#article\",\"isPartOf\":{\"@id\":\"https:\/\/volcanes.net\/?p=9863\"},\"author\":{\"name\":\"admin\",\"@id\":\"https:\/\/volcanes.net\/#\/schema\/person\/4bf0f383940966a4abd53f5048c0e6b9\"},\"headline\":\"Edil de Ozumba da respuesta a transportistas de la Ruta de Autotransporte Vicente Guerrero\",\"datePublished\":\"2021-01-26T19:46:34+00:00\",\"mainEntityOfPage\":{\"@id\":\"https:\/\/volcanes.net\/?p=9863\"},\"wordCount\":309,\"commentCount\":0,\"publisher\":{\"@id\":\"https:\/\/volcanes.net\/#organization\"},\"image\":{\"@id\":\"https:\/\/volcanes.net\/?p=9863#primaryimage\"},\"thumbnailUrl\":\"https:\/\/volcanes.net\/wp-content\/uploads\/2021\/01\/Screenshot_2021-01-26-09-06-232.jpg\",\"articleSection\":[\"Municipales\"],\"inLanguage\":\"es\",\"potentialAction\":[{\"@type\":\"CommentAction\",\"name\":\"Comment\",\"target\":[\"https:\/\/volcanes.net\/?p=9863#respond\"]}]},{\"@type\":\"WebPage\",\"@id\":\"https:\/\/volcanes.net\/?p=9863\",\"url\":\"https:\/\/volcanes.net\/?p=9863\",\"name\":\"Edil de Ozumba da respuesta a transportistas de la Ruta de Autotransporte Vicente Guerrero - Volcanes\",\"isPartOf\":{\"@id\":\"https:\/\/volcanes.net\/#website\"},\"primaryImageOfPage\":{\"@id\":\"https:\/\/volcanes.net\/?p=9863#primaryimage\"},\"image\":{\"@id\":\"https:\/\/volcanes.net\/?p=9863#primaryimage\"},\"thumbnailUrl\":\"https:\/\/volcanes.net\/wp-content\/uploads\/2021\/01\/Screenshot_2021-01-26-09-06-232.jpg\",\"datePublished\":\"2021-01-26T19:46:34+00:00\",\"breadcrumb\":{\"@id\":\"https:\/\/volcanes.net\/?p=9863#breadcrumb\"},\"inLanguage\":\"es\",\"potentialAction\":[{\"@type\":\"ReadAction\",\"target\":[\"https:\/\/volcanes.net\/?p=9863\"]}]},{\"@type\":\"ImageObject\",\"inLanguage\":\"es\",\"@id\":\"https:\/\/volcanes.net\/?p=9863#primaryimage\",\"url\":\"https:\/\/volcanes.net\/wp-content\/uploads\/2021\/01\/Screenshot_2021-01-26-09-06-232.jpg\",\"contentUrl\":\"https:\/\/volcanes.net\/wp-content\/uploads\/2021\/01\/Screenshot_2021-01-26-09-06-232.jpg\",\"width\":720,\"height\":394},{\"@type\":\"BreadcrumbList\",\"@id\":\"https:\/\/volcanes.net\/?p=9863#breadcrumb\",\"itemListElement\":[{\"@type\":\"ListItem\",\"position\":1,\"name\":\"Portada\",\"item\":\"https:\/\/volcanes.net\/\"},{\"@type\":\"ListItem\",\"position\":2,\"name\":\"Edil de Ozumba da respuesta a transportistas de la Ruta de Autotransporte Vicente Guerrero\"}]},{\"@type\":\"WebSite\",\"@id\":\"https:\/\/volcanes.net\/#website\",\"url\":\"https:\/\/volcanes.net\/\",\"name\":\"Volcanes.Net\",\"description\":\"Periodismo Profesional\",\"publisher\":{\"@id\":\"https:\/\/volcanes.net\/#organization\"},\"potentialAction\":[{\"@type\":\"SearchAction\",\"target\":{\"@type\":\"EntryPoint\",\"urlTemplate\":\"https:\/\/volcanes.net\/?s={search_term_string}\"},\"query-input\":{\"@type\":\"PropertyValueSpecification\",\"valueRequired\":true,\"valueName\":\"search_term_string\"}}],\"inLanguage\":\"es\"},{\"@type\":\"Organization\",\"@id\":\"https:\/\/volcanes.net\/#organization\",\"name\":\"Grupo Volcanes\",\"url\":\"https:\/\/volcanes.net\/\",\"logo\":{\"@type\":\"ImageObject\",\"inLanguage\":\"es\",\"@id\":\"https:\/\/volcanes.net\/#\/schema\/logo\/image\/\",\"url\":\"http:\/\/volcanes.net\/wp-content\/uploads\/2017\/12\/Avatar2.jpg\",\"contentUrl\":\"http:\/\/volcanes.net\/wp-content\/uploads\/2017\/12\/Avatar2.jpg\",\"width\":378,\"height\":378,\"caption\":\"Grupo Volcanes\"},\"image\":{\"@id\":\"https:\/\/volcanes.net\/#\/schema\/logo\/image\/\"},\"sameAs\":[\"https:\/\/www.facebook.com\/volcanes.net\/\"]},{\"@type\":\"Person\",\"@id\":\"https:\/\/volcanes.net\/#\/schema\/person\/4bf0f383940966a4abd53f5048c0e6b9\",\"name\":\"admin\",\"image\":{\"@type\":\"ImageObject\",\"inLanguage\":\"es\",\"@id\":\"https:\/\/volcanes.net\/#\/schema\/person\/image\/\",\"url\":\"https:\/\/secure.gravatar.com\/avatar\/ca004e6cba8462b8cb7abc86e382930c?s=96&d=mm&r=g\",\"contentUrl\":\"https:\/\/secure.gravatar.com\/avatar\/ca004e6cba8462b8cb7abc86e382930c?s=96&d=mm&r=g\",\"caption\":\"admin\"}}]}<\/script>\n<!-- \/ Yoast SEO plugin. -->","yoast_head_json":{"title":"Edil de Ozumba da respuesta a transportistas de la Ruta de Autotransporte Vicente Guerrero - Volcanes","robots":{"index":"index","follow":"follow","max-snippet":"max-snippet:-1","max-image-preview":"max-image-preview:large","max-video-preview":"max-video-preview:-1"},"canonical":"https:\/\/volcanes.net\/?p=9863","og_locale":"es_MX","og_type":"article","og_title":"Edil de Ozumba da respuesta a transportistas de la Ruta de Autotransporte Vicente Guerrero - Volcanes","og_description":"Ozumba, Estado de M\u00e9xico.- Durante la noche del lunes 25 de enero, Valent\u00edn Mart\u00ednez Castillo,","og_url":"https:\/\/volcanes.net\/?p=9863","og_site_name":"Volcanes","article_publisher":"https:\/\/www.facebook.com\/volcanes.net\/","article_published_time":"2021-01-26T19:46:34+00:00","og_image":[{"width":720,"height":394,"url":"https:\/\/volcanes.net\/wp-content\/uploads\/2021\/01\/Screenshot_2021-01-26-09-06-232.jpg","type":"image\/jpeg"}],"author":"admin","twitter_card":"summary_large_image","twitter_misc":{"Escrito por":"admin","Tiempo de lectura":"1 minuto"},"schema":{"@context":"https:\/\/schema.org","@graph":[{"@type":"Article","@id":"https:\/\/volcanes.net\/?p=9863#article","isPartOf":{"@id":"https:\/\/volcanes.net\/?p=9863"},"author":{"name":"admin","@id":"https:\/\/volcanes.net\/#\/schema\/person\/4bf0f383940966a4abd53f5048c0e6b9"},"headline":"Edil de Ozumba da respuesta a transportistas de la Ruta de Autotransporte Vicente Guerrero","datePublished":"2021-01-26T19:46:34+00:00","mainEntityOfPage":{"@id":"https:\/\/volcanes.net\/?p=9863"},"wordCount":309,"commentCount":0,"publisher":{"@id":"https:\/\/volcanes.net\/#organization"},"image":{"@id":"https:\/\/volcanes.net\/?p=9863#primaryimage"},"thumbnailUrl":"https:\/\/volcanes.net\/wp-content\/uploads\/2021\/01\/Screenshot_2021-01-26-09-06-232.jpg","articleSection":["Municipales"],"inLanguage":"es","potentialAction":[{"@type":"CommentAction","name":"Comment","target":["https:\/\/volcanes.net\/?p=9863#respond"]}]},{"@type":"WebPage","@id":"https:\/\/volcanes.net\/?p=9863","url":"https:\/\/volcanes.net\/?p=9863","name":"Edil de Ozumba da respuesta a transportistas de la Ruta de Autotransporte Vicente Guerrero - Volcanes","isPartOf":{"@id":"https:\/\/volcanes.net\/#website"},"primaryImageOfPage":{"@id":"https:\/\/volcanes.net\/?p=9863#primaryimage"},"image":{"@id":"https:\/\/volcanes.net\/?p=9863#primaryimage"},"thumbnailUrl":"https:\/\/volcanes.net\/wp-content\/uploads\/2021\/01\/Screenshot_2021-01-26-09-06-232.jpg","datePublished":"2021-01-26T19:46:34+00:00","breadcrumb":{"@id":"https:\/\/volcanes.net\/?p=9863#breadcrumb"},"inLanguage":"es","potentialAction":[{"@type":"ReadAction","target":["https:\/\/volcanes.net\/?p=9863"]}]},{"@type":"ImageObject","inLanguage":"es","@id":"https:\/\/volcanes.net\/?p=9863#primaryimage","url":"https:\/\/volcanes.net\/wp-content\/uploads\/2021\/01\/Screenshot_2021-01-26-09-06-232.jpg","contentUrl":"https:\/\/volcanes.net\/wp-content\/uploads\/2021\/01\/Screenshot_2021-01-26-09-06-232.jpg","width":720,"height":394},{"@type":"BreadcrumbList","@id":"https:\/\/volcanes.net\/?p=9863#breadcrumb","itemListElement":[{"@type":"ListItem","position":1,"name":"Portada","item":"https:\/\/volcanes.net\/"},{"@type":"ListItem","position":2,"name":"Edil de Ozumba da respuesta a transportistas de la Ruta de Autotransporte Vicente Guerrero"}]},{"@type":"WebSite","@id":"https:\/\/volcanes.net\/#website","url":"https:\/\/volcanes.net\/","name":"Volcanes.Net","description":"Periodismo Profesional","publisher":{"@id":"https:\/\/volcanes.net\/#organization"},"potentialAction":[{"@type":"SearchAction","target":{"@type":"EntryPoint","urlTemplate":"https:\/\/volcanes.net\/?s={search_term_string}"},"query-input":{"@type":"PropertyValueSpecification","valueRequired":true,"valueName":"search_term_string"}}],"inLanguage":"es"},{"@type":"Organization","@id":"https:\/\/volcanes.net\/#organization","name":"Grupo Volcanes","url":"https:\/\/volcanes.net\/","logo":{"@type":"ImageObject","inLanguage":"es","@id":"https:\/\/volcanes.net\/#\/schema\/logo\/image\/","url":"http:\/\/volcanes.net\/wp-content\/uploads\/2017\/12\/Avatar2.jpg","contentUrl":"http:\/\/volcanes.net\/wp-content\/uploads\/2017\/12\/Avatar2.jpg","width":378,"height":378,"caption":"Grupo Volcanes"},"image":{"@id":"https:\/\/volcanes.net\/#\/schema\/logo\/image\/"},"sameAs":["https:\/\/www.facebook.com\/volcanes.net\/"]},{"@type":"Person","@id":"https:\/\/volcanes.net\/#\/schema\/person\/4bf0f383940966a4abd53f5048c0e6b9","name":"admin","image":{"@type":"ImageObject","inLanguage":"es","@id":"https:\/\/volcanes.net\/#\/schema\/person\/image\/","url":"https:\/\/secure.gravatar.com\/avatar\/ca004e6cba8462b8cb7abc86e382930c?s=96&d=mm&r=g","contentUrl":"https:\/\/secure.gravatar.com\/avatar\/ca004e6cba8462b8cb7abc86e382930c?s=96&d=mm&r=g","caption":"admin"}}]}},"_links":{"self":[{"href":"https:\/\/volcanes.net\/index.php?rest_route=\/wp\/v2\/posts\/9863"}],"collection":[{"href":"https:\/\/volcanes.net\/index.php?rest_route=\/wp\/v2\/posts"}],"about":[{"href":"https:\/\/volcanes.net\/index.php?rest_route=\/wp\/v2\/types\/post"}],"author":[{"embeddable":true,"href":"https:\/\/volcanes.net\/index.php?rest_route=\/wp\/v2\/users\/1"}],"replies":[{"embeddable":true,"href":"https:\/\/volcanes.net\/index.php?rest_route=%2Fwp%2Fv2%2Fcomments&post=9863"}],"version-history":[{"count":1,"href":"https:\/\/volcanes.net\/index.php?rest_route=\/wp\/v2\/posts\/9863\/revisions"}],"predecessor-version":[{"id":9865,"href":"https:\/\/volcanes.net\/index.php?rest_route=\/wp\/v2\/posts\/9863\/revisions\/9865"}],"wp:featuredmedia":[{"embeddable":true,"href":"https:\/\/volcanes.net\/index.php?rest_route=\/wp\/v2\/media\/9864"}],"wp:attachment":[{"href":"https:\/\/volcanes.net\/index.php?rest_route=%2Fwp%2Fv2%2Fmedia&parent=9863"}],"wp:term":[{"taxonomy":"category","embeddable":true,"href":"https:\/\/volcanes.net\/index.php?rest_route=%2Fwp%2Fv2%2Fcategories&post=9863"},{"taxonomy":"post_tag","embeddable":true,"href":"https:\/\/volcanes.net\/index.php?rest_route=%2Fwp%2Fv2%2Ftags&post=9863"}],"curies":[{"name":"wp","href":"https:\/\/api.w.org\/{rel}","templated":true}]}}