{"id":987,"date":"2018-02-02T16:03:37","date_gmt":"2018-02-02T16:03:37","guid":{"rendered":"http:\/\/volcanes.net\/?p=987"},"modified":"2018-02-02T16:03:37","modified_gmt":"2018-02-02T16:03:37","slug":"firman-sep-sedesol-sndif-acuerdo-para-que-en-las-estancias-infantiles-sedesol-dif-se-acredite-primer-grado-de-preescolar-video","status":"publish","type":"post","link":"https:\/\/volcanes.net\/?p=987","title":{"rendered":"Firman SEP-Sedesol-SNDIF acuerdo para que en las estancias infantiles Sedesol-DIF se acredite primer grado de preescolar (VIDEO)"},"content":{"rendered":"<div style=\"margin-top: 0px; margin-bottom: 0px;\" class=\"sharethis-inline-share-buttons\" ><\/div><p>Los secretarios de Educaci\u00f3n P\u00fablica y de Desarrollo Social, Otto Granados Rold\u00e1n y Eviel P\u00e9rez Maga\u00f1a, respectivamente, y la titular del Sistema Nacional DIF, Laura Barrera Fortout, firmaron hoy el acuerdo para que los ni\u00f1os y ni\u00f1as inscritos en las estancias infantiles Sedesol-DIF acrediten el primer grado de preescolar, con el fin de abatir el rezago en ese nivel educativo.<\/p>\n<p>Adem\u00e1s, el subsecretario de Educaci\u00f3n B\u00e1sica, Javier Trevi\u00f1o Cant\u00fa; el director general de Pol\u00edticas Sociales de Sedesol, Emilio Mendoza Kaplan, y la titular del Sistema Nacional DIF firmaron un convenio para fortalecer la alimentaci\u00f3n en escuelas de tiempo completo.<\/p>\n<p>En el sal\u00f3n\u00a0<em>Iberoamericano\u00a0<\/em>de la Secretar\u00eda de Educaci\u00f3n P\u00fablica, los secretarios coincidieron en la importancia de invertir en la educaci\u00f3n de los ni\u00f1os y ni\u00f1as desde los primeros a\u00f1os, lo que fortalece sus aprendizajes hasta la educaci\u00f3n superior.<\/p>\n<p>Resaltaron el nivel de coordinaci\u00f3n interinstitucional para alcanzar los acuerdos a favor de la ni\u00f1ez, en el marco de la pol\u00edtica gubernamental de equidad e inclusi\u00f3n, lo que se reflejar\u00e1 en mejores logros del aprendizaje.<\/p>\n<p>Granados Rold\u00e1n explic\u00f3 que con esa estrategia para avanzar en la cobertura de preescolar se alcanzar\u00e1 educaci\u00f3n de calidad, con lo que hay mayor garant\u00eda de desarrollo de los mexicanos, y expres\u00f3 que la Reforma Educativa no se hizo para un sexenio, sino como pol\u00edtica de Estado que se debe mantener.<\/p>\n<p>En tanto, el secretario P\u00e9rez Maga\u00f1a manifest\u00f3 que con el reconocimiento del primer grado de preescolar en las estancias infantiles, los ni\u00f1os estar\u00e1n mejor preparados, y reconoci\u00f3 a las responsables y asistentes de esas estancias, en las que los ni\u00f1os se desarrollan de manera segura, mientras sus madres trabajan o estudian<\/p>\n<p>A su vez, la titular del Sistema Nacional DIF expres\u00f3 un saludo a nombre de la se\u00f1ora Ang\u00e9lica Rivera de Pe\u00f1a, y expuso que los acuerdos son producto de la coordinaci\u00f3n y el trabajo comprometido del Gobierno de la Rep\u00fablica en beneficio de lo m\u00e1s preciado que se tiene, \u201cnuestras ni\u00f1as y ni\u00f1os\u201d, as\u00ed como, de la visi\u00f3n del presidente, Enrique Pe\u00f1a Nieto, quien, a trav\u00e9s de la Reforma Educativa, asegura que la educaci\u00f3n sea de calidad; otorgue igualdad de oportunidades a los mexicanos, y garantice el inter\u00e9s superior de la ni\u00f1ez.<\/p>\n<p>Detall\u00f3 que los acuerdos se suman a la Estrategia para el Acompa\u00f1amiento del Desarrollo Infantil y Vigilancia Nutricional, herramienta que monitorea el desarrollo de ni\u00f1as y ni\u00f1os de las 9 mil 131 estancias infantiles Sedesol-DIF, beneficiando a 305 mil 287 infantes en todo el pa\u00eds.<\/p>\n<p>Se\u00f1al\u00f3 que el DIF capacitar\u00e1 a las responsables de las estancias infantiles Sedesol-DIF, para que ni\u00f1as y ni\u00f1os de entre 4 y 5 a\u00f1os no atrasen su ingreso a la educaci\u00f3n b\u00e1sica, y manifest\u00f3 que se fortalecer\u00e1 la operaci\u00f3n y el funcionamiento del servicio de alimentaci\u00f3n en las escuelas de tiempo completo, lo que significa alinear criterios para la nutrici\u00f3n de los menores, basados en la estrategia integral de asistencia social alimentaria del DIF, procurando una alimentaci\u00f3n sana, variada y suficiente desde la primera infancia.<\/p>\n<p>Por su lado, el subsecretario de Educaci\u00f3n B\u00e1sica explic\u00f3 que se coordinan acciones en favor de la acreditaci\u00f3n del primer grado de preescolar en las estancias infantiles, e inform\u00f3 que adem\u00e1s se firm\u00f3 un convenio con Diconsa para que en las escuelas de tiempo completo se cuente con productos de calidad.<\/p>\n<p>Reconoci\u00f3 el apoyo del DIF en la entrega de desayunos escolares en 76 mil 398 planteles de educaci\u00f3n b\u00e1sica, y plante\u00f3 adem\u00e1s que con el programa de huertos escolares se reforzar\u00e1 el servicio de alimentaci\u00f3n en los planteles.<\/p>\n<p>En su oportunidad, el director general de Pol\u00edticas Sociales de Sedesol coment\u00f3 que esta instituci\u00f3n y la SEP suscribieron las bases de coordinaci\u00f3n para abatir el rezago en el primer grado de preescolar, y conciliar que las estancias infantiles son centros en los que se cuida a los menores, as\u00ed como lugares en los que se cursa ese nivel, de acuerdo con los lineamientos de la Ley General de Educaci\u00f3n.<\/p>\n<p>Dijo que el acuerdo permitir\u00e1 que se suscriban convenios de colaboraci\u00f3n en las entidades federativas, para que n\u00famero importante de ni\u00f1os cursen el primer grado de educaci\u00f3n preescolar.<\/p>\n<div class=\"jetpack-video-wrapper\"><span class=\"embed-youtube\"><\/span><\/div>\n","protected":false},"excerpt":{"rendered":"<p>Los secretarios de Educaci\u00f3n P\u00fablica y de Desarrollo Social, Otto Granados Rold\u00e1n y Eviel P\u00e9rez<\/p>\n","protected":false},"author":1,"featured_media":965,"comment_status":"open","ping_status":"open","sticky":false,"template":"","format":"standard","meta":{"footnotes":""},"categories":[1],"tags":[39],"class_list":["post-987","post","type-post","status-publish","format-standard","has-post-thumbnail","hentry","category-municipales","tag-sep"],"yoast_head":"<!-- This site is optimized with the Yoast SEO plugin v25.3 - https:\/\/yoast.com\/wordpress\/plugins\/seo\/ -->\n<title>Firman SEP-Sedesol-SNDIF acuerdo para que en las estancias infantiles Sedesol-DIF se acredite primer grado de preescolar (VIDEO) - Volcanes<\/title>\n<meta name=\"robots\" content=\"index, follow, max-snippet:-1, max-image-preview:large, max-video-preview:-1\" \/>\n<link rel=\"canonical\" href=\"https:\/\/volcanes.net\/?p=987\" \/>\n<meta property=\"og:locale\" content=\"es_MX\" \/>\n<meta property=\"og:type\" content=\"article\" \/>\n<meta property=\"og:title\" content=\"Firman SEP-Sedesol-SNDIF acuerdo para que en las estancias infantiles Sedesol-DIF se acredite primer grado de preescolar (VIDEO) - Volcanes\" \/>\n<meta property=\"og:description\" content=\"Los secretarios de Educaci\u00f3n P\u00fablica y de Desarrollo Social, Otto Granados Rold\u00e1n y Eviel P\u00e9rez\" \/>\n<meta property=\"og:url\" content=\"https:\/\/volcanes.net\/?p=987\" \/>\n<meta property=\"og:site_name\" content=\"Volcanes\" \/>\n<meta property=\"article:publisher\" content=\"https:\/\/www.facebook.com\/volcanes.net\/\" \/>\n<meta property=\"article:published_time\" content=\"2018-02-02T16:03:37+00:00\" \/>\n<meta property=\"og:image\" content=\"https:\/\/volcanes.net\/wp-content\/uploads\/2018\/02\/sep-dif-sedesol.jpg\" \/>\n\t<meta property=\"og:image:width\" content=\"400\" \/>\n\t<meta property=\"og:image:height\" content=\"200\" \/>\n\t<meta property=\"og:image:type\" content=\"image\/jpeg\" \/>\n<meta name=\"author\" content=\"admin\" \/>\n<meta name=\"twitter:card\" content=\"summary_large_image\" \/>\n<meta name=\"twitter:label1\" content=\"Escrito por\" \/>\n\t<meta name=\"twitter:data1\" content=\"admin\" \/>\n\t<meta name=\"twitter:label2\" content=\"Tiempo de lectura\" \/>\n\t<meta name=\"twitter:data2\" content=\"4 minutos\" \/>\n<script type=\"application\/ld+json\" class=\"yoast-schema-graph\">{\"@context\":\"https:\/\/schema.org\",\"@graph\":[{\"@type\":\"Article\",\"@id\":\"https:\/\/volcanes.net\/?p=987#article\",\"isPartOf\":{\"@id\":\"https:\/\/volcanes.net\/?p=987\"},\"author\":{\"name\":\"admin\",\"@id\":\"https:\/\/volcanes.net\/#\/schema\/person\/4bf0f383940966a4abd53f5048c0e6b9\"},\"headline\":\"Firman SEP-Sedesol-SNDIF acuerdo para que en las estancias infantiles Sedesol-DIF se acredite primer grado de preescolar (VIDEO)\",\"datePublished\":\"2018-02-02T16:03:37+00:00\",\"mainEntityOfPage\":{\"@id\":\"https:\/\/volcanes.net\/?p=987\"},\"wordCount\":772,\"commentCount\":0,\"publisher\":{\"@id\":\"https:\/\/volcanes.net\/#organization\"},\"image\":{\"@id\":\"https:\/\/volcanes.net\/?p=987#primaryimage\"},\"thumbnailUrl\":\"https:\/\/volcanes.net\/wp-content\/uploads\/2018\/02\/sep-dif-sedesol.jpg\",\"keywords\":[\"SEP\"],\"articleSection\":[\"Municipales\"],\"inLanguage\":\"es\",\"potentialAction\":[{\"@type\":\"CommentAction\",\"name\":\"Comment\",\"target\":[\"https:\/\/volcanes.net\/?p=987#respond\"]}]},{\"@type\":\"WebPage\",\"@id\":\"https:\/\/volcanes.net\/?p=987\",\"url\":\"https:\/\/volcanes.net\/?p=987\",\"name\":\"Firman SEP-Sedesol-SNDIF acuerdo para que en las estancias infantiles Sedesol-DIF se acredite primer grado de preescolar (VIDEO) - Volcanes\",\"isPartOf\":{\"@id\":\"https:\/\/volcanes.net\/#website\"},\"primaryImageOfPage\":{\"@id\":\"https:\/\/volcanes.net\/?p=987#primaryimage\"},\"image\":{\"@id\":\"https:\/\/volcanes.net\/?p=987#primaryimage\"},\"thumbnailUrl\":\"https:\/\/volcanes.net\/wp-content\/uploads\/2018\/02\/sep-dif-sedesol.jpg\",\"datePublished\":\"2018-02-02T16:03:37+00:00\",\"breadcrumb\":{\"@id\":\"https:\/\/volcanes.net\/?p=987#breadcrumb\"},\"inLanguage\":\"es\",\"potentialAction\":[{\"@type\":\"ReadAction\",\"target\":[\"https:\/\/volcanes.net\/?p=987\"]}]},{\"@type\":\"ImageObject\",\"inLanguage\":\"es\",\"@id\":\"https:\/\/volcanes.net\/?p=987#primaryimage\",\"url\":\"https:\/\/volcanes.net\/wp-content\/uploads\/2018\/02\/sep-dif-sedesol.jpg\",\"contentUrl\":\"https:\/\/volcanes.net\/wp-content\/uploads\/2018\/02\/sep-dif-sedesol.jpg\",\"width\":400,\"height\":200},{\"@type\":\"BreadcrumbList\",\"@id\":\"https:\/\/volcanes.net\/?p=987#breadcrumb\",\"itemListElement\":[{\"@type\":\"ListItem\",\"position\":1,\"name\":\"Portada\",\"item\":\"https:\/\/volcanes.net\/\"},{\"@type\":\"ListItem\",\"position\":2,\"name\":\"Firman SEP-Sedesol-SNDIF acuerdo para que en las estancias infantiles Sedesol-DIF se acredite primer grado de preescolar (VIDEO)\"}]},{\"@type\":\"WebSite\",\"@id\":\"https:\/\/volcanes.net\/#website\",\"url\":\"https:\/\/volcanes.net\/\",\"name\":\"Volcanes.Net\",\"description\":\"Periodismo Profesional\",\"publisher\":{\"@id\":\"https:\/\/volcanes.net\/#organization\"},\"potentialAction\":[{\"@type\":\"SearchAction\",\"target\":{\"@type\":\"EntryPoint\",\"urlTemplate\":\"https:\/\/volcanes.net\/?s={search_term_string}\"},\"query-input\":{\"@type\":\"PropertyValueSpecification\",\"valueRequired\":true,\"valueName\":\"search_term_string\"}}],\"inLanguage\":\"es\"},{\"@type\":\"Organization\",\"@id\":\"https:\/\/volcanes.net\/#organization\",\"name\":\"Grupo Volcanes\",\"url\":\"https:\/\/volcanes.net\/\",\"logo\":{\"@type\":\"ImageObject\",\"inLanguage\":\"es\",\"@id\":\"https:\/\/volcanes.net\/#\/schema\/logo\/image\/\",\"url\":\"http:\/\/volcanes.net\/wp-content\/uploads\/2017\/12\/Avatar2.jpg\",\"contentUrl\":\"http:\/\/volcanes.net\/wp-content\/uploads\/2017\/12\/Avatar2.jpg\",\"width\":378,\"height\":378,\"caption\":\"Grupo Volcanes\"},\"image\":{\"@id\":\"https:\/\/volcanes.net\/#\/schema\/logo\/image\/\"},\"sameAs\":[\"https:\/\/www.facebook.com\/volcanes.net\/\"]},{\"@type\":\"Person\",\"@id\":\"https:\/\/volcanes.net\/#\/schema\/person\/4bf0f383940966a4abd53f5048c0e6b9\",\"name\":\"admin\",\"image\":{\"@type\":\"ImageObject\",\"inLanguage\":\"es\",\"@id\":\"https:\/\/volcanes.net\/#\/schema\/person\/image\/\",\"url\":\"https:\/\/secure.gravatar.com\/avatar\/ca004e6cba8462b8cb7abc86e382930c?s=96&d=mm&r=g\",\"contentUrl\":\"https:\/\/secure.gravatar.com\/avatar\/ca004e6cba8462b8cb7abc86e382930c?s=96&d=mm&r=g\",\"caption\":\"admin\"}}]}<\/script>\n<!-- \/ Yoast SEO plugin. -->","yoast_head_json":{"title":"Firman SEP-Sedesol-SNDIF acuerdo para que en las estancias infantiles Sedesol-DIF se acredite primer grado de preescolar (VIDEO) - Volcanes","robots":{"index":"index","follow":"follow","max-snippet":"max-snippet:-1","max-image-preview":"max-image-preview:large","max-video-preview":"max-video-preview:-1"},"canonical":"https:\/\/volcanes.net\/?p=987","og_locale":"es_MX","og_type":"article","og_title":"Firman SEP-Sedesol-SNDIF acuerdo para que en las estancias infantiles Sedesol-DIF se acredite primer grado de preescolar (VIDEO) - Volcanes","og_description":"Los secretarios de Educaci\u00f3n P\u00fablica y de Desarrollo Social, Otto Granados Rold\u00e1n y Eviel P\u00e9rez","og_url":"https:\/\/volcanes.net\/?p=987","og_site_name":"Volcanes","article_publisher":"https:\/\/www.facebook.com\/volcanes.net\/","article_published_time":"2018-02-02T16:03:37+00:00","og_image":[{"width":400,"height":200,"url":"https:\/\/volcanes.net\/wp-content\/uploads\/2018\/02\/sep-dif-sedesol.jpg","type":"image\/jpeg"}],"author":"admin","twitter_card":"summary_large_image","twitter_misc":{"Escrito por":"admin","Tiempo de lectura":"4 minutos"},"schema":{"@context":"https:\/\/schema.org","@graph":[{"@type":"Article","@id":"https:\/\/volcanes.net\/?p=987#article","isPartOf":{"@id":"https:\/\/volcanes.net\/?p=987"},"author":{"name":"admin","@id":"https:\/\/volcanes.net\/#\/schema\/person\/4bf0f383940966a4abd53f5048c0e6b9"},"headline":"Firman SEP-Sedesol-SNDIF acuerdo para que en las estancias infantiles Sedesol-DIF se acredite primer grado de preescolar (VIDEO)","datePublished":"2018-02-02T16:03:37+00:00","mainEntityOfPage":{"@id":"https:\/\/volcanes.net\/?p=987"},"wordCount":772,"commentCount":0,"publisher":{"@id":"https:\/\/volcanes.net\/#organization"},"image":{"@id":"https:\/\/volcanes.net\/?p=987#primaryimage"},"thumbnailUrl":"https:\/\/volcanes.net\/wp-content\/uploads\/2018\/02\/sep-dif-sedesol.jpg","keywords":["SEP"],"articleSection":["Municipales"],"inLanguage":"es","potentialAction":[{"@type":"CommentAction","name":"Comment","target":["https:\/\/volcanes.net\/?p=987#respond"]}]},{"@type":"WebPage","@id":"https:\/\/volcanes.net\/?p=987","url":"https:\/\/volcanes.net\/?p=987","name":"Firman SEP-Sedesol-SNDIF acuerdo para que en las estancias infantiles Sedesol-DIF se acredite primer grado de preescolar (VIDEO) - Volcanes","isPartOf":{"@id":"https:\/\/volcanes.net\/#website"},"primaryImageOfPage":{"@id":"https:\/\/volcanes.net\/?p=987#primaryimage"},"image":{"@id":"https:\/\/volcanes.net\/?p=987#primaryimage"},"thumbnailUrl":"https:\/\/volcanes.net\/wp-content\/uploads\/2018\/02\/sep-dif-sedesol.jpg","datePublished":"2018-02-02T16:03:37+00:00","breadcrumb":{"@id":"https:\/\/volcanes.net\/?p=987#breadcrumb"},"inLanguage":"es","potentialAction":[{"@type":"ReadAction","target":["https:\/\/volcanes.net\/?p=987"]}]},{"@type":"ImageObject","inLanguage":"es","@id":"https:\/\/volcanes.net\/?p=987#primaryimage","url":"https:\/\/volcanes.net\/wp-content\/uploads\/2018\/02\/sep-dif-sedesol.jpg","contentUrl":"https:\/\/volcanes.net\/wp-content\/uploads\/2018\/02\/sep-dif-sedesol.jpg","width":400,"height":200},{"@type":"BreadcrumbList","@id":"https:\/\/volcanes.net\/?p=987#breadcrumb","itemListElement":[{"@type":"ListItem","position":1,"name":"Portada","item":"https:\/\/volcanes.net\/"},{"@type":"ListItem","position":2,"name":"Firman SEP-Sedesol-SNDIF acuerdo para que en las estancias infantiles Sedesol-DIF se acredite primer grado de preescolar (VIDEO)"}]},{"@type":"WebSite","@id":"https:\/\/volcanes.net\/#website","url":"https:\/\/volcanes.net\/","name":"Volcanes.Net","description":"Periodismo Profesional","publisher":{"@id":"https:\/\/volcanes.net\/#organization"},"potentialAction":[{"@type":"SearchAction","target":{"@type":"EntryPoint","urlTemplate":"https:\/\/volcanes.net\/?s={search_term_string}"},"query-input":{"@type":"PropertyValueSpecification","valueRequired":true,"valueName":"search_term_string"}}],"inLanguage":"es"},{"@type":"Organization","@id":"https:\/\/volcanes.net\/#organization","name":"Grupo Volcanes","url":"https:\/\/volcanes.net\/","logo":{"@type":"ImageObject","inLanguage":"es","@id":"https:\/\/volcanes.net\/#\/schema\/logo\/image\/","url":"http:\/\/volcanes.net\/wp-content\/uploads\/2017\/12\/Avatar2.jpg","contentUrl":"http:\/\/volcanes.net\/wp-content\/uploads\/2017\/12\/Avatar2.jpg","width":378,"height":378,"caption":"Grupo Volcanes"},"image":{"@id":"https:\/\/volcanes.net\/#\/schema\/logo\/image\/"},"sameAs":["https:\/\/www.facebook.com\/volcanes.net\/"]},{"@type":"Person","@id":"https:\/\/volcanes.net\/#\/schema\/person\/4bf0f383940966a4abd53f5048c0e6b9","name":"admin","image":{"@type":"ImageObject","inLanguage":"es","@id":"https:\/\/volcanes.net\/#\/schema\/person\/image\/","url":"https:\/\/secure.gravatar.com\/avatar\/ca004e6cba8462b8cb7abc86e382930c?s=96&d=mm&r=g","contentUrl":"https:\/\/secure.gravatar.com\/avatar\/ca004e6cba8462b8cb7abc86e382930c?s=96&d=mm&r=g","caption":"admin"}}]}},"_links":{"self":[{"href":"https:\/\/volcanes.net\/index.php?rest_route=\/wp\/v2\/posts\/987"}],"collection":[{"href":"https:\/\/volcanes.net\/index.php?rest_route=\/wp\/v2\/posts"}],"about":[{"href":"https:\/\/volcanes.net\/index.php?rest_route=\/wp\/v2\/types\/post"}],"author":[{"embeddable":true,"href":"https:\/\/volcanes.net\/index.php?rest_route=\/wp\/v2\/users\/1"}],"replies":[{"embeddable":true,"href":"https:\/\/volcanes.net\/index.php?rest_route=%2Fwp%2Fv2%2Fcomments&post=987"}],"version-history":[{"count":1,"href":"https:\/\/volcanes.net\/index.php?rest_route=\/wp\/v2\/posts\/987\/revisions"}],"predecessor-version":[{"id":988,"href":"https:\/\/volcanes.net\/index.php?rest_route=\/wp\/v2\/posts\/987\/revisions\/988"}],"wp:featuredmedia":[{"embeddable":true,"href":"https:\/\/volcanes.net\/index.php?rest_route=\/wp\/v2\/media\/965"}],"wp:attachment":[{"href":"https:\/\/volcanes.net\/index.php?rest_route=%2Fwp%2Fv2%2Fmedia&parent=987"}],"wp:term":[{"taxonomy":"category","embeddable":true,"href":"https:\/\/volcanes.net\/index.php?rest_route=%2Fwp%2Fv2%2Fcategories&post=987"},{"taxonomy":"post_tag","embeddable":true,"href":"https:\/\/volcanes.net\/index.php?rest_route=%2Fwp%2Fv2%2Ftags&post=987"}],"curies":[{"name":"wp","href":"https:\/\/api.w.org\/{rel}","templated":true}]}}