{"id":9872,"date":"2021-01-26T16:57:39","date_gmt":"2021-01-26T22:57:39","guid":{"rendered":"http:\/\/volcanes.net\/?p=9872"},"modified":"2021-01-26T16:57:39","modified_gmt":"2021-01-26T22:57:39","slug":"personal-medico-del-dif-ixtapaluca-apoya-en-el-rai-covid-19-con-consultas-medicas","status":"publish","type":"post","link":"https:\/\/volcanes.net\/?p=9872","title":{"rendered":"Personal m\u00e9dico del DIF Ixtapaluca apoya en el RAI-COVID-19 con consultas m\u00e9dicas"},"content":{"rendered":"<div style=\"margin-top: 0px; margin-bottom: 0px;\" class=\"sharethis-inline-share-buttons\" ><\/div><p style=\"text-align: justify;\">Ixtapaluca, Estado de M\u00e9xico.-Personal m\u00e9dico del DIF, capacitado ante la emergencia sanitaria que se vive en la actualidad, brinda consulta m\u00e9dica gratuita a pacientes positivos o que est\u00e9n en duda de estar contagiados, en el centro de operaciones de la Red de Atenci\u00f3n Integral RAI-COVID-19, que se encuentra ubicado en la estaci\u00f3n de bomberos de Tlapacoya.<\/p>\n<p style=\"text-align: justify;\">La brigada, formada por tres m\u00e9dicos y dos enfermeras, opera en un m\u00f3dulo de atenci\u00f3n m\u00e9dica inmediata, instalado dentro de las inmediaciones del RAI COVID 19, en un horario de 8:00 a 12:00 horas. Al d\u00eda se brindan m\u00e1s de 30 consultas.<\/p>\n<p style=\"text-align: justify;\">Se\u00f1al\u00f3 Juana Mar\u00eda Pineda, doctora y coordinadora m\u00e9dica del DIF Ixtapaluca, quien dijo el objetivo del m\u00f3dulo es proporcionar informaci\u00f3n necesaria para combatir la enfermedad producida por el virus SARS-CoV-2 y prevenir m\u00e1s contagios.<\/p>\n<p style=\"text-align: justify;\">El personal m\u00e9dico apunta los datos generales del paciente y hace una valoraci\u00f3n r\u00e1pida. Se toman los signos vitales y se mide el nivel de saturaci\u00f3n de ox\u00edgeno. Tambi\u00e9n se identifican los signos y s\u00edntomas de alarma que se presentan.<\/p>\n<p style=\"text-align: justify;\">Si los s\u00edntomas son leves se da el tratamiento necesario bajo vigilancia m\u00e9dica y se les manda aislamiento absoluto, m\u00ednimo de 15 d\u00edas. En caso de que el paciente llegue a presentar dificultad respiratoria, se le solicita acudir con su m\u00e9dico familiar o se le canaliza a una unidad de segundo nivel.<\/p>\n<p style=\"text-align: justify;\">Ante el aumento de contagios y en apoyo a los pacientes positivos de COVID 19, el Sistema DIF lleva a cabo la campa\u00f1a de donaci\u00f3n de medicamentos, de cefalexina y ciprofloxacino, para su tratamiento.<\/p>\n<p style=\"text-align: justify;\">La coordinadora del DIF se\u00f1al\u00f3 que el inter\u00e9s del DIF es brindar comodidad a los pacientes y satisfacer la necesidad de medicamentos<\/p>\n<p style=\"text-align: justify;\">Adem\u00e1s, expres\u00f3 la importancia de no bajar la guardia ante la crisis sanitaria, seguir con las medidas de higiene, dado que estamos en temporada de influenza y los s\u00edntomas son semejantes al coronavirus.<\/p>\n","protected":false},"excerpt":{"rendered":"<p>Ixtapaluca, Estado de M\u00e9xico.-Personal m\u00e9dico del DIF, capacitado ante la emergencia sanitaria que se vive<\/p>\n","protected":false},"author":1,"featured_media":9873,"comment_status":"open","ping_status":"open","sticky":false,"template":"","format":"standard","meta":{"footnotes":""},"categories":[1],"tags":[6],"class_list":["post-9872","post","type-post","status-publish","format-standard","has-post-thumbnail","hentry","category-municipales","tag-ixtapaluca"],"yoast_head":"<!-- This site is optimized with the Yoast SEO plugin v25.3 - https:\/\/yoast.com\/wordpress\/plugins\/seo\/ -->\n<title>Personal m\u00e9dico del DIF Ixtapaluca apoya en el RAI-COVID-19 con consultas m\u00e9dicas - Volcanes<\/title>\n<meta name=\"robots\" content=\"index, follow, max-snippet:-1, max-image-preview:large, max-video-preview:-1\" \/>\n<link rel=\"canonical\" href=\"https:\/\/volcanes.net\/?p=9872\" \/>\n<meta property=\"og:locale\" content=\"es_MX\" \/>\n<meta property=\"og:type\" content=\"article\" \/>\n<meta property=\"og:title\" content=\"Personal m\u00e9dico del DIF Ixtapaluca apoya en el RAI-COVID-19 con consultas m\u00e9dicas - Volcanes\" \/>\n<meta property=\"og:description\" content=\"Ixtapaluca, Estado de M\u00e9xico.-Personal m\u00e9dico del DIF, capacitado ante la emergencia sanitaria que se vive\" \/>\n<meta property=\"og:url\" content=\"https:\/\/volcanes.net\/?p=9872\" \/>\n<meta property=\"og:site_name\" content=\"Volcanes\" \/>\n<meta property=\"article:publisher\" content=\"https:\/\/www.facebook.com\/volcanes.net\/\" \/>\n<meta property=\"article:published_time\" content=\"2021-01-26T22:57:39+00:00\" \/>\n<meta property=\"og:image\" content=\"https:\/\/volcanes.net\/wp-content\/uploads\/2021\/01\/FB_IMG_1611666037657.jpg\" \/>\n\t<meta property=\"og:image:width\" content=\"640\" \/>\n\t<meta property=\"og:image:height\" content=\"427\" \/>\n\t<meta property=\"og:image:type\" content=\"image\/jpeg\" \/>\n<meta name=\"author\" content=\"admin\" \/>\n<meta name=\"twitter:card\" content=\"summary_large_image\" \/>\n<meta name=\"twitter:label1\" content=\"Escrito por\" \/>\n\t<meta name=\"twitter:data1\" content=\"admin\" \/>\n\t<meta name=\"twitter:label2\" content=\"Tiempo de lectura\" \/>\n\t<meta name=\"twitter:data2\" content=\"2 minutos\" \/>\n<script type=\"application\/ld+json\" class=\"yoast-schema-graph\">{\"@context\":\"https:\/\/schema.org\",\"@graph\":[{\"@type\":\"Article\",\"@id\":\"https:\/\/volcanes.net\/?p=9872#article\",\"isPartOf\":{\"@id\":\"https:\/\/volcanes.net\/?p=9872\"},\"author\":{\"name\":\"admin\",\"@id\":\"https:\/\/volcanes.net\/#\/schema\/person\/4bf0f383940966a4abd53f5048c0e6b9\"},\"headline\":\"Personal m\u00e9dico del DIF Ixtapaluca apoya en el RAI-COVID-19 con consultas m\u00e9dicas\",\"datePublished\":\"2021-01-26T22:57:39+00:00\",\"mainEntityOfPage\":{\"@id\":\"https:\/\/volcanes.net\/?p=9872\"},\"wordCount\":358,\"commentCount\":0,\"publisher\":{\"@id\":\"https:\/\/volcanes.net\/#organization\"},\"image\":{\"@id\":\"https:\/\/volcanes.net\/?p=9872#primaryimage\"},\"thumbnailUrl\":\"https:\/\/volcanes.net\/wp-content\/uploads\/2021\/01\/FB_IMG_1611666037657.jpg\",\"keywords\":[\"Ixtapaluca\"],\"articleSection\":[\"Municipales\"],\"inLanguage\":\"es\",\"potentialAction\":[{\"@type\":\"CommentAction\",\"name\":\"Comment\",\"target\":[\"https:\/\/volcanes.net\/?p=9872#respond\"]}]},{\"@type\":\"WebPage\",\"@id\":\"https:\/\/volcanes.net\/?p=9872\",\"url\":\"https:\/\/volcanes.net\/?p=9872\",\"name\":\"Personal m\u00e9dico del DIF Ixtapaluca apoya en el RAI-COVID-19 con consultas m\u00e9dicas - Volcanes\",\"isPartOf\":{\"@id\":\"https:\/\/volcanes.net\/#website\"},\"primaryImageOfPage\":{\"@id\":\"https:\/\/volcanes.net\/?p=9872#primaryimage\"},\"image\":{\"@id\":\"https:\/\/volcanes.net\/?p=9872#primaryimage\"},\"thumbnailUrl\":\"https:\/\/volcanes.net\/wp-content\/uploads\/2021\/01\/FB_IMG_1611666037657.jpg\",\"datePublished\":\"2021-01-26T22:57:39+00:00\",\"breadcrumb\":{\"@id\":\"https:\/\/volcanes.net\/?p=9872#breadcrumb\"},\"inLanguage\":\"es\",\"potentialAction\":[{\"@type\":\"ReadAction\",\"target\":[\"https:\/\/volcanes.net\/?p=9872\"]}]},{\"@type\":\"ImageObject\",\"inLanguage\":\"es\",\"@id\":\"https:\/\/volcanes.net\/?p=9872#primaryimage\",\"url\":\"https:\/\/volcanes.net\/wp-content\/uploads\/2021\/01\/FB_IMG_1611666037657.jpg\",\"contentUrl\":\"https:\/\/volcanes.net\/wp-content\/uploads\/2021\/01\/FB_IMG_1611666037657.jpg\",\"width\":640,\"height\":427},{\"@type\":\"BreadcrumbList\",\"@id\":\"https:\/\/volcanes.net\/?p=9872#breadcrumb\",\"itemListElement\":[{\"@type\":\"ListItem\",\"position\":1,\"name\":\"Portada\",\"item\":\"https:\/\/volcanes.net\/\"},{\"@type\":\"ListItem\",\"position\":2,\"name\":\"Personal m\u00e9dico del DIF Ixtapaluca apoya en el RAI-COVID-19 con consultas m\u00e9dicas\"}]},{\"@type\":\"WebSite\",\"@id\":\"https:\/\/volcanes.net\/#website\",\"url\":\"https:\/\/volcanes.net\/\",\"name\":\"Volcanes.Net\",\"description\":\"Periodismo Profesional\",\"publisher\":{\"@id\":\"https:\/\/volcanes.net\/#organization\"},\"potentialAction\":[{\"@type\":\"SearchAction\",\"target\":{\"@type\":\"EntryPoint\",\"urlTemplate\":\"https:\/\/volcanes.net\/?s={search_term_string}\"},\"query-input\":{\"@type\":\"PropertyValueSpecification\",\"valueRequired\":true,\"valueName\":\"search_term_string\"}}],\"inLanguage\":\"es\"},{\"@type\":\"Organization\",\"@id\":\"https:\/\/volcanes.net\/#organization\",\"name\":\"Grupo Volcanes\",\"url\":\"https:\/\/volcanes.net\/\",\"logo\":{\"@type\":\"ImageObject\",\"inLanguage\":\"es\",\"@id\":\"https:\/\/volcanes.net\/#\/schema\/logo\/image\/\",\"url\":\"http:\/\/volcanes.net\/wp-content\/uploads\/2017\/12\/Avatar2.jpg\",\"contentUrl\":\"http:\/\/volcanes.net\/wp-content\/uploads\/2017\/12\/Avatar2.jpg\",\"width\":378,\"height\":378,\"caption\":\"Grupo Volcanes\"},\"image\":{\"@id\":\"https:\/\/volcanes.net\/#\/schema\/logo\/image\/\"},\"sameAs\":[\"https:\/\/www.facebook.com\/volcanes.net\/\"]},{\"@type\":\"Person\",\"@id\":\"https:\/\/volcanes.net\/#\/schema\/person\/4bf0f383940966a4abd53f5048c0e6b9\",\"name\":\"admin\",\"image\":{\"@type\":\"ImageObject\",\"inLanguage\":\"es\",\"@id\":\"https:\/\/volcanes.net\/#\/schema\/person\/image\/\",\"url\":\"https:\/\/secure.gravatar.com\/avatar\/ca004e6cba8462b8cb7abc86e382930c?s=96&d=mm&r=g\",\"contentUrl\":\"https:\/\/secure.gravatar.com\/avatar\/ca004e6cba8462b8cb7abc86e382930c?s=96&d=mm&r=g\",\"caption\":\"admin\"}}]}<\/script>\n<!-- \/ Yoast SEO plugin. -->","yoast_head_json":{"title":"Personal m\u00e9dico del DIF Ixtapaluca apoya en el RAI-COVID-19 con consultas m\u00e9dicas - Volcanes","robots":{"index":"index","follow":"follow","max-snippet":"max-snippet:-1","max-image-preview":"max-image-preview:large","max-video-preview":"max-video-preview:-1"},"canonical":"https:\/\/volcanes.net\/?p=9872","og_locale":"es_MX","og_type":"article","og_title":"Personal m\u00e9dico del DIF Ixtapaluca apoya en el RAI-COVID-19 con consultas m\u00e9dicas - Volcanes","og_description":"Ixtapaluca, Estado de M\u00e9xico.-Personal m\u00e9dico del DIF, capacitado ante la emergencia sanitaria que se vive","og_url":"https:\/\/volcanes.net\/?p=9872","og_site_name":"Volcanes","article_publisher":"https:\/\/www.facebook.com\/volcanes.net\/","article_published_time":"2021-01-26T22:57:39+00:00","og_image":[{"width":640,"height":427,"url":"https:\/\/volcanes.net\/wp-content\/uploads\/2021\/01\/FB_IMG_1611666037657.jpg","type":"image\/jpeg"}],"author":"admin","twitter_card":"summary_large_image","twitter_misc":{"Escrito por":"admin","Tiempo de lectura":"2 minutos"},"schema":{"@context":"https:\/\/schema.org","@graph":[{"@type":"Article","@id":"https:\/\/volcanes.net\/?p=9872#article","isPartOf":{"@id":"https:\/\/volcanes.net\/?p=9872"},"author":{"name":"admin","@id":"https:\/\/volcanes.net\/#\/schema\/person\/4bf0f383940966a4abd53f5048c0e6b9"},"headline":"Personal m\u00e9dico del DIF Ixtapaluca apoya en el RAI-COVID-19 con consultas m\u00e9dicas","datePublished":"2021-01-26T22:57:39+00:00","mainEntityOfPage":{"@id":"https:\/\/volcanes.net\/?p=9872"},"wordCount":358,"commentCount":0,"publisher":{"@id":"https:\/\/volcanes.net\/#organization"},"image":{"@id":"https:\/\/volcanes.net\/?p=9872#primaryimage"},"thumbnailUrl":"https:\/\/volcanes.net\/wp-content\/uploads\/2021\/01\/FB_IMG_1611666037657.jpg","keywords":["Ixtapaluca"],"articleSection":["Municipales"],"inLanguage":"es","potentialAction":[{"@type":"CommentAction","name":"Comment","target":["https:\/\/volcanes.net\/?p=9872#respond"]}]},{"@type":"WebPage","@id":"https:\/\/volcanes.net\/?p=9872","url":"https:\/\/volcanes.net\/?p=9872","name":"Personal m\u00e9dico del DIF Ixtapaluca apoya en el RAI-COVID-19 con consultas m\u00e9dicas - Volcanes","isPartOf":{"@id":"https:\/\/volcanes.net\/#website"},"primaryImageOfPage":{"@id":"https:\/\/volcanes.net\/?p=9872#primaryimage"},"image":{"@id":"https:\/\/volcanes.net\/?p=9872#primaryimage"},"thumbnailUrl":"https:\/\/volcanes.net\/wp-content\/uploads\/2021\/01\/FB_IMG_1611666037657.jpg","datePublished":"2021-01-26T22:57:39+00:00","breadcrumb":{"@id":"https:\/\/volcanes.net\/?p=9872#breadcrumb"},"inLanguage":"es","potentialAction":[{"@type":"ReadAction","target":["https:\/\/volcanes.net\/?p=9872"]}]},{"@type":"ImageObject","inLanguage":"es","@id":"https:\/\/volcanes.net\/?p=9872#primaryimage","url":"https:\/\/volcanes.net\/wp-content\/uploads\/2021\/01\/FB_IMG_1611666037657.jpg","contentUrl":"https:\/\/volcanes.net\/wp-content\/uploads\/2021\/01\/FB_IMG_1611666037657.jpg","width":640,"height":427},{"@type":"BreadcrumbList","@id":"https:\/\/volcanes.net\/?p=9872#breadcrumb","itemListElement":[{"@type":"ListItem","position":1,"name":"Portada","item":"https:\/\/volcanes.net\/"},{"@type":"ListItem","position":2,"name":"Personal m\u00e9dico del DIF Ixtapaluca apoya en el RAI-COVID-19 con consultas m\u00e9dicas"}]},{"@type":"WebSite","@id":"https:\/\/volcanes.net\/#website","url":"https:\/\/volcanes.net\/","name":"Volcanes.Net","description":"Periodismo Profesional","publisher":{"@id":"https:\/\/volcanes.net\/#organization"},"potentialAction":[{"@type":"SearchAction","target":{"@type":"EntryPoint","urlTemplate":"https:\/\/volcanes.net\/?s={search_term_string}"},"query-input":{"@type":"PropertyValueSpecification","valueRequired":true,"valueName":"search_term_string"}}],"inLanguage":"es"},{"@type":"Organization","@id":"https:\/\/volcanes.net\/#organization","name":"Grupo Volcanes","url":"https:\/\/volcanes.net\/","logo":{"@type":"ImageObject","inLanguage":"es","@id":"https:\/\/volcanes.net\/#\/schema\/logo\/image\/","url":"http:\/\/volcanes.net\/wp-content\/uploads\/2017\/12\/Avatar2.jpg","contentUrl":"http:\/\/volcanes.net\/wp-content\/uploads\/2017\/12\/Avatar2.jpg","width":378,"height":378,"caption":"Grupo Volcanes"},"image":{"@id":"https:\/\/volcanes.net\/#\/schema\/logo\/image\/"},"sameAs":["https:\/\/www.facebook.com\/volcanes.net\/"]},{"@type":"Person","@id":"https:\/\/volcanes.net\/#\/schema\/person\/4bf0f383940966a4abd53f5048c0e6b9","name":"admin","image":{"@type":"ImageObject","inLanguage":"es","@id":"https:\/\/volcanes.net\/#\/schema\/person\/image\/","url":"https:\/\/secure.gravatar.com\/avatar\/ca004e6cba8462b8cb7abc86e382930c?s=96&d=mm&r=g","contentUrl":"https:\/\/secure.gravatar.com\/avatar\/ca004e6cba8462b8cb7abc86e382930c?s=96&d=mm&r=g","caption":"admin"}}]}},"_links":{"self":[{"href":"https:\/\/volcanes.net\/index.php?rest_route=\/wp\/v2\/posts\/9872"}],"collection":[{"href":"https:\/\/volcanes.net\/index.php?rest_route=\/wp\/v2\/posts"}],"about":[{"href":"https:\/\/volcanes.net\/index.php?rest_route=\/wp\/v2\/types\/post"}],"author":[{"embeddable":true,"href":"https:\/\/volcanes.net\/index.php?rest_route=\/wp\/v2\/users\/1"}],"replies":[{"embeddable":true,"href":"https:\/\/volcanes.net\/index.php?rest_route=%2Fwp%2Fv2%2Fcomments&post=9872"}],"version-history":[{"count":1,"href":"https:\/\/volcanes.net\/index.php?rest_route=\/wp\/v2\/posts\/9872\/revisions"}],"predecessor-version":[{"id":9874,"href":"https:\/\/volcanes.net\/index.php?rest_route=\/wp\/v2\/posts\/9872\/revisions\/9874"}],"wp:featuredmedia":[{"embeddable":true,"href":"https:\/\/volcanes.net\/index.php?rest_route=\/wp\/v2\/media\/9873"}],"wp:attachment":[{"href":"https:\/\/volcanes.net\/index.php?rest_route=%2Fwp%2Fv2%2Fmedia&parent=9872"}],"wp:term":[{"taxonomy":"category","embeddable":true,"href":"https:\/\/volcanes.net\/index.php?rest_route=%2Fwp%2Fv2%2Fcategories&post=9872"},{"taxonomy":"post_tag","embeddable":true,"href":"https:\/\/volcanes.net\/index.php?rest_route=%2Fwp%2Fv2%2Ftags&post=9872"}],"curies":[{"name":"wp","href":"https:\/\/api.w.org\/{rel}","templated":true}]}}