{"id":9881,"date":"2021-01-27T18:19:33","date_gmt":"2021-01-28T00:19:33","guid":{"rendered":"http:\/\/volcanes.net\/?p=9881"},"modified":"2021-01-27T18:32:04","modified_gmt":"2021-01-28T00:32:04","slug":"personal-medico-del-issste-en-chalco-protesto-por-falta-de-insumos-contra-covid-19","status":"publish","type":"post","link":"https:\/\/volcanes.net\/?p=9881","title":{"rendered":"Personal m\u00e9dico del ISSSTE en Chalco protesto por falta de insumos contra Covid-19"},"content":{"rendered":"<div style=\"margin-top: 0px; margin-bottom: 0px;\" class=\"sharethis-inline-share-buttons\" ><\/div><p style=\"text-align: justify;\">Chalco, Estado de M\u00e9xico.- Ante la falta de equipo m\u00e9dico\u00a0 y\u00a0 vacunas\u00a0 para los trabajadores de la Cl\u00ednica Regional del\u00a0 Instituto de Seguridad y Servicios Sociales de los Trabajadores del Estado \u00a0(ISSSTE) en el municipio de Chalco, que\u00a0 atiende a 120 mil personas, la ma\u00f1ana del pasado 26 de enero, el personal m\u00e9dico y administrativo de la cl\u00ednica realizaron un bloqueo sobre la carretera federal M\u00e9xico-Cuautla,<\/p>\n<p style=\"text-align: justify;\">Por lo que adem\u00e1s, aseguraron que no hay personal m\u00e9dico para la atenci\u00f3n de los derechohabientes de los municipios de Chalco, Valle de Chalco e Ixtapaluca.<\/p>\n<p style=\"text-align: justify;\">Ante la falta de atenci\u00f3n por parte de las autoridades federales decidieron bloquear la carretera federal M\u00e9xico Cuautla en la caseta de cobro 71 de Caminos y Puentes Federales (CAPUFE) para exigir se les brinde el apoyo necesario para la atenci\u00f3n de los pacientes, ya que solo se reparten fichas para la atenci\u00f3n de los derechohabientes.<\/p>\n<p style=\"text-align: justify;\">Indicaron que solo cuentan con siete m\u00e9dicos para la atenci\u00f3n de este n\u00famero de derechohabientes y en ocasiones los tienen que canalizar al municipio de Texcoco para se les de la atenci\u00f3n m\u00e9dica porque est\u00e1n rebasados el n\u00famero de pacientes,<\/p>\n<p style=\"text-align: justify;\">Afirmaron que ellos no fueron vacunados de COVID-19 ya que no alcanzaron las dosis, \u201csomos vulnerables porque tenemos que atender personas contagiadas con covid\u00a0 y\u00a0 estamos en riesgo, han\u00a0 muerto dos\u00a0 compa\u00f1eros, la \u00faltima fue\u00a0 hace dos d\u00edas\u00a0 y\u00a0 no nos\u00a0 consideran para\u00a0 vacunarnos cuando nosotros estamos\u00a0 expuestos \u00a0tambi\u00e9n\u201ddijo uno de los quejosos.<\/p>\n<p style=\"text-align: justify;\">Por lo que los quejosos procedieron a cerrar la cl\u00ednica para buscar ser atendidos por las autoridades de salud por lo que tras el cierre de las vialidades una comisi\u00f3n destaco que\u00a0 recibieron\u00a0 la atenci\u00f3n de los directivos del instituto para\u00a0 resolver sus dudas.<\/p>\n","protected":false},"excerpt":{"rendered":"<p>Chalco, Estado de M\u00e9xico.- Ante la falta de equipo m\u00e9dico\u00a0 y\u00a0 vacunas\u00a0 para los trabajadores<\/p>\n","protected":false},"author":1,"featured_media":9884,"comment_status":"open","ping_status":"open","sticky":false,"template":"","format":"standard","meta":{"footnotes":""},"categories":[1],"tags":[5],"class_list":["post-9881","post","type-post","status-publish","format-standard","has-post-thumbnail","hentry","category-municipales","tag-valle-de-chalco"],"yoast_head":"<!-- This site is optimized with the Yoast SEO plugin v25.3 - https:\/\/yoast.com\/wordpress\/plugins\/seo\/ -->\n<title>Personal m\u00e9dico del ISSSTE en Chalco protesto por falta de insumos contra Covid-19 - Volcanes<\/title>\n<meta name=\"robots\" content=\"index, follow, max-snippet:-1, max-image-preview:large, max-video-preview:-1\" \/>\n<link rel=\"canonical\" href=\"https:\/\/volcanes.net\/?p=9881\" \/>\n<meta property=\"og:locale\" content=\"es_MX\" \/>\n<meta property=\"og:type\" content=\"article\" \/>\n<meta property=\"og:title\" content=\"Personal m\u00e9dico del ISSSTE en Chalco protesto por falta de insumos contra Covid-19 - Volcanes\" \/>\n<meta property=\"og:description\" content=\"Chalco, Estado de M\u00e9xico.- Ante la falta de equipo m\u00e9dico\u00a0 y\u00a0 vacunas\u00a0 para los trabajadores\" \/>\n<meta property=\"og:url\" content=\"https:\/\/volcanes.net\/?p=9881\" \/>\n<meta property=\"og:site_name\" content=\"Volcanes\" \/>\n<meta property=\"article:publisher\" content=\"https:\/\/www.facebook.com\/volcanes.net\/\" \/>\n<meta property=\"article:published_time\" content=\"2021-01-28T00:19:33+00:00\" \/>\n<meta property=\"article:modified_time\" content=\"2021-01-28T00:32:04+00:00\" \/>\n<meta property=\"og:image\" content=\"https:\/\/volcanes.net\/wp-content\/uploads\/2021\/01\/personal-issste-chalco-bloqueo-falta-insumos-contra-covid-19-768x397-1.jpg\" \/>\n\t<meta property=\"og:image:width\" content=\"768\" \/>\n\t<meta property=\"og:image:height\" content=\"397\" \/>\n\t<meta property=\"og:image:type\" content=\"image\/jpeg\" \/>\n<meta name=\"author\" content=\"admin\" \/>\n<meta name=\"twitter:card\" content=\"summary_large_image\" \/>\n<meta name=\"twitter:label1\" content=\"Escrito por\" \/>\n\t<meta name=\"twitter:data1\" content=\"admin\" \/>\n\t<meta name=\"twitter:label2\" content=\"Tiempo de lectura\" \/>\n\t<meta name=\"twitter:data2\" content=\"2 minutos\" \/>\n<script type=\"application\/ld+json\" class=\"yoast-schema-graph\">{\"@context\":\"https:\/\/schema.org\",\"@graph\":[{\"@type\":\"Article\",\"@id\":\"https:\/\/volcanes.net\/?p=9881#article\",\"isPartOf\":{\"@id\":\"https:\/\/volcanes.net\/?p=9881\"},\"author\":{\"name\":\"admin\",\"@id\":\"https:\/\/volcanes.net\/#\/schema\/person\/4bf0f383940966a4abd53f5048c0e6b9\"},\"headline\":\"Personal m\u00e9dico del ISSSTE en Chalco protesto por falta de insumos contra Covid-19\",\"datePublished\":\"2021-01-28T00:19:33+00:00\",\"dateModified\":\"2021-01-28T00:32:04+00:00\",\"mainEntityOfPage\":{\"@id\":\"https:\/\/volcanes.net\/?p=9881\"},\"wordCount\":325,\"commentCount\":0,\"publisher\":{\"@id\":\"https:\/\/volcanes.net\/#organization\"},\"image\":{\"@id\":\"https:\/\/volcanes.net\/?p=9881#primaryimage\"},\"thumbnailUrl\":\"https:\/\/volcanes.net\/wp-content\/uploads\/2021\/01\/personal-issste-chalco-bloqueo-falta-insumos-contra-covid-19-768x397-1.jpg\",\"keywords\":[\"Valle de Chalco\"],\"articleSection\":[\"Municipales\"],\"inLanguage\":\"es\",\"potentialAction\":[{\"@type\":\"CommentAction\",\"name\":\"Comment\",\"target\":[\"https:\/\/volcanes.net\/?p=9881#respond\"]}]},{\"@type\":\"WebPage\",\"@id\":\"https:\/\/volcanes.net\/?p=9881\",\"url\":\"https:\/\/volcanes.net\/?p=9881\",\"name\":\"Personal m\u00e9dico del ISSSTE en Chalco protesto por falta de insumos contra Covid-19 - Volcanes\",\"isPartOf\":{\"@id\":\"https:\/\/volcanes.net\/#website\"},\"primaryImageOfPage\":{\"@id\":\"https:\/\/volcanes.net\/?p=9881#primaryimage\"},\"image\":{\"@id\":\"https:\/\/volcanes.net\/?p=9881#primaryimage\"},\"thumbnailUrl\":\"https:\/\/volcanes.net\/wp-content\/uploads\/2021\/01\/personal-issste-chalco-bloqueo-falta-insumos-contra-covid-19-768x397-1.jpg\",\"datePublished\":\"2021-01-28T00:19:33+00:00\",\"dateModified\":\"2021-01-28T00:32:04+00:00\",\"breadcrumb\":{\"@id\":\"https:\/\/volcanes.net\/?p=9881#breadcrumb\"},\"inLanguage\":\"es\",\"potentialAction\":[{\"@type\":\"ReadAction\",\"target\":[\"https:\/\/volcanes.net\/?p=9881\"]}]},{\"@type\":\"ImageObject\",\"inLanguage\":\"es\",\"@id\":\"https:\/\/volcanes.net\/?p=9881#primaryimage\",\"url\":\"https:\/\/volcanes.net\/wp-content\/uploads\/2021\/01\/personal-issste-chalco-bloqueo-falta-insumos-contra-covid-19-768x397-1.jpg\",\"contentUrl\":\"https:\/\/volcanes.net\/wp-content\/uploads\/2021\/01\/personal-issste-chalco-bloqueo-falta-insumos-contra-covid-19-768x397-1.jpg\",\"width\":768,\"height\":397},{\"@type\":\"BreadcrumbList\",\"@id\":\"https:\/\/volcanes.net\/?p=9881#breadcrumb\",\"itemListElement\":[{\"@type\":\"ListItem\",\"position\":1,\"name\":\"Portada\",\"item\":\"https:\/\/volcanes.net\/\"},{\"@type\":\"ListItem\",\"position\":2,\"name\":\"Personal m\u00e9dico del ISSSTE en Chalco protesto por falta de insumos contra Covid-19\"}]},{\"@type\":\"WebSite\",\"@id\":\"https:\/\/volcanes.net\/#website\",\"url\":\"https:\/\/volcanes.net\/\",\"name\":\"Volcanes.Net\",\"description\":\"Periodismo Profesional\",\"publisher\":{\"@id\":\"https:\/\/volcanes.net\/#organization\"},\"potentialAction\":[{\"@type\":\"SearchAction\",\"target\":{\"@type\":\"EntryPoint\",\"urlTemplate\":\"https:\/\/volcanes.net\/?s={search_term_string}\"},\"query-input\":{\"@type\":\"PropertyValueSpecification\",\"valueRequired\":true,\"valueName\":\"search_term_string\"}}],\"inLanguage\":\"es\"},{\"@type\":\"Organization\",\"@id\":\"https:\/\/volcanes.net\/#organization\",\"name\":\"Grupo Volcanes\",\"url\":\"https:\/\/volcanes.net\/\",\"logo\":{\"@type\":\"ImageObject\",\"inLanguage\":\"es\",\"@id\":\"https:\/\/volcanes.net\/#\/schema\/logo\/image\/\",\"url\":\"http:\/\/volcanes.net\/wp-content\/uploads\/2017\/12\/Avatar2.jpg\",\"contentUrl\":\"http:\/\/volcanes.net\/wp-content\/uploads\/2017\/12\/Avatar2.jpg\",\"width\":378,\"height\":378,\"caption\":\"Grupo Volcanes\"},\"image\":{\"@id\":\"https:\/\/volcanes.net\/#\/schema\/logo\/image\/\"},\"sameAs\":[\"https:\/\/www.facebook.com\/volcanes.net\/\"]},{\"@type\":\"Person\",\"@id\":\"https:\/\/volcanes.net\/#\/schema\/person\/4bf0f383940966a4abd53f5048c0e6b9\",\"name\":\"admin\",\"image\":{\"@type\":\"ImageObject\",\"inLanguage\":\"es\",\"@id\":\"https:\/\/volcanes.net\/#\/schema\/person\/image\/\",\"url\":\"https:\/\/secure.gravatar.com\/avatar\/ca004e6cba8462b8cb7abc86e382930c?s=96&d=mm&r=g\",\"contentUrl\":\"https:\/\/secure.gravatar.com\/avatar\/ca004e6cba8462b8cb7abc86e382930c?s=96&d=mm&r=g\",\"caption\":\"admin\"}}]}<\/script>\n<!-- \/ Yoast SEO plugin. -->","yoast_head_json":{"title":"Personal m\u00e9dico del ISSSTE en Chalco protesto por falta de insumos contra Covid-19 - Volcanes","robots":{"index":"index","follow":"follow","max-snippet":"max-snippet:-1","max-image-preview":"max-image-preview:large","max-video-preview":"max-video-preview:-1"},"canonical":"https:\/\/volcanes.net\/?p=9881","og_locale":"es_MX","og_type":"article","og_title":"Personal m\u00e9dico del ISSSTE en Chalco protesto por falta de insumos contra Covid-19 - Volcanes","og_description":"Chalco, Estado de M\u00e9xico.- Ante la falta de equipo m\u00e9dico\u00a0 y\u00a0 vacunas\u00a0 para los trabajadores","og_url":"https:\/\/volcanes.net\/?p=9881","og_site_name":"Volcanes","article_publisher":"https:\/\/www.facebook.com\/volcanes.net\/","article_published_time":"2021-01-28T00:19:33+00:00","article_modified_time":"2021-01-28T00:32:04+00:00","og_image":[{"width":768,"height":397,"url":"https:\/\/volcanes.net\/wp-content\/uploads\/2021\/01\/personal-issste-chalco-bloqueo-falta-insumos-contra-covid-19-768x397-1.jpg","type":"image\/jpeg"}],"author":"admin","twitter_card":"summary_large_image","twitter_misc":{"Escrito por":"admin","Tiempo de lectura":"2 minutos"},"schema":{"@context":"https:\/\/schema.org","@graph":[{"@type":"Article","@id":"https:\/\/volcanes.net\/?p=9881#article","isPartOf":{"@id":"https:\/\/volcanes.net\/?p=9881"},"author":{"name":"admin","@id":"https:\/\/volcanes.net\/#\/schema\/person\/4bf0f383940966a4abd53f5048c0e6b9"},"headline":"Personal m\u00e9dico del ISSSTE en Chalco protesto por falta de insumos contra Covid-19","datePublished":"2021-01-28T00:19:33+00:00","dateModified":"2021-01-28T00:32:04+00:00","mainEntityOfPage":{"@id":"https:\/\/volcanes.net\/?p=9881"},"wordCount":325,"commentCount":0,"publisher":{"@id":"https:\/\/volcanes.net\/#organization"},"image":{"@id":"https:\/\/volcanes.net\/?p=9881#primaryimage"},"thumbnailUrl":"https:\/\/volcanes.net\/wp-content\/uploads\/2021\/01\/personal-issste-chalco-bloqueo-falta-insumos-contra-covid-19-768x397-1.jpg","keywords":["Valle de Chalco"],"articleSection":["Municipales"],"inLanguage":"es","potentialAction":[{"@type":"CommentAction","name":"Comment","target":["https:\/\/volcanes.net\/?p=9881#respond"]}]},{"@type":"WebPage","@id":"https:\/\/volcanes.net\/?p=9881","url":"https:\/\/volcanes.net\/?p=9881","name":"Personal m\u00e9dico del ISSSTE en Chalco protesto por falta de insumos contra Covid-19 - Volcanes","isPartOf":{"@id":"https:\/\/volcanes.net\/#website"},"primaryImageOfPage":{"@id":"https:\/\/volcanes.net\/?p=9881#primaryimage"},"image":{"@id":"https:\/\/volcanes.net\/?p=9881#primaryimage"},"thumbnailUrl":"https:\/\/volcanes.net\/wp-content\/uploads\/2021\/01\/personal-issste-chalco-bloqueo-falta-insumos-contra-covid-19-768x397-1.jpg","datePublished":"2021-01-28T00:19:33+00:00","dateModified":"2021-01-28T00:32:04+00:00","breadcrumb":{"@id":"https:\/\/volcanes.net\/?p=9881#breadcrumb"},"inLanguage":"es","potentialAction":[{"@type":"ReadAction","target":["https:\/\/volcanes.net\/?p=9881"]}]},{"@type":"ImageObject","inLanguage":"es","@id":"https:\/\/volcanes.net\/?p=9881#primaryimage","url":"https:\/\/volcanes.net\/wp-content\/uploads\/2021\/01\/personal-issste-chalco-bloqueo-falta-insumos-contra-covid-19-768x397-1.jpg","contentUrl":"https:\/\/volcanes.net\/wp-content\/uploads\/2021\/01\/personal-issste-chalco-bloqueo-falta-insumos-contra-covid-19-768x397-1.jpg","width":768,"height":397},{"@type":"BreadcrumbList","@id":"https:\/\/volcanes.net\/?p=9881#breadcrumb","itemListElement":[{"@type":"ListItem","position":1,"name":"Portada","item":"https:\/\/volcanes.net\/"},{"@type":"ListItem","position":2,"name":"Personal m\u00e9dico del ISSSTE en Chalco protesto por falta de insumos contra Covid-19"}]},{"@type":"WebSite","@id":"https:\/\/volcanes.net\/#website","url":"https:\/\/volcanes.net\/","name":"Volcanes.Net","description":"Periodismo Profesional","publisher":{"@id":"https:\/\/volcanes.net\/#organization"},"potentialAction":[{"@type":"SearchAction","target":{"@type":"EntryPoint","urlTemplate":"https:\/\/volcanes.net\/?s={search_term_string}"},"query-input":{"@type":"PropertyValueSpecification","valueRequired":true,"valueName":"search_term_string"}}],"inLanguage":"es"},{"@type":"Organization","@id":"https:\/\/volcanes.net\/#organization","name":"Grupo Volcanes","url":"https:\/\/volcanes.net\/","logo":{"@type":"ImageObject","inLanguage":"es","@id":"https:\/\/volcanes.net\/#\/schema\/logo\/image\/","url":"http:\/\/volcanes.net\/wp-content\/uploads\/2017\/12\/Avatar2.jpg","contentUrl":"http:\/\/volcanes.net\/wp-content\/uploads\/2017\/12\/Avatar2.jpg","width":378,"height":378,"caption":"Grupo Volcanes"},"image":{"@id":"https:\/\/volcanes.net\/#\/schema\/logo\/image\/"},"sameAs":["https:\/\/www.facebook.com\/volcanes.net\/"]},{"@type":"Person","@id":"https:\/\/volcanes.net\/#\/schema\/person\/4bf0f383940966a4abd53f5048c0e6b9","name":"admin","image":{"@type":"ImageObject","inLanguage":"es","@id":"https:\/\/volcanes.net\/#\/schema\/person\/image\/","url":"https:\/\/secure.gravatar.com\/avatar\/ca004e6cba8462b8cb7abc86e382930c?s=96&d=mm&r=g","contentUrl":"https:\/\/secure.gravatar.com\/avatar\/ca004e6cba8462b8cb7abc86e382930c?s=96&d=mm&r=g","caption":"admin"}}]}},"_links":{"self":[{"href":"https:\/\/volcanes.net\/index.php?rest_route=\/wp\/v2\/posts\/9881"}],"collection":[{"href":"https:\/\/volcanes.net\/index.php?rest_route=\/wp\/v2\/posts"}],"about":[{"href":"https:\/\/volcanes.net\/index.php?rest_route=\/wp\/v2\/types\/post"}],"author":[{"embeddable":true,"href":"https:\/\/volcanes.net\/index.php?rest_route=\/wp\/v2\/users\/1"}],"replies":[{"embeddable":true,"href":"https:\/\/volcanes.net\/index.php?rest_route=%2Fwp%2Fv2%2Fcomments&post=9881"}],"version-history":[{"count":1,"href":"https:\/\/volcanes.net\/index.php?rest_route=\/wp\/v2\/posts\/9881\/revisions"}],"predecessor-version":[{"id":9883,"href":"https:\/\/volcanes.net\/index.php?rest_route=\/wp\/v2\/posts\/9881\/revisions\/9883"}],"wp:featuredmedia":[{"embeddable":true,"href":"https:\/\/volcanes.net\/index.php?rest_route=\/wp\/v2\/media\/9884"}],"wp:attachment":[{"href":"https:\/\/volcanes.net\/index.php?rest_route=%2Fwp%2Fv2%2Fmedia&parent=9881"}],"wp:term":[{"taxonomy":"category","embeddable":true,"href":"https:\/\/volcanes.net\/index.php?rest_route=%2Fwp%2Fv2%2Fcategories&post=9881"},{"taxonomy":"post_tag","embeddable":true,"href":"https:\/\/volcanes.net\/index.php?rest_route=%2Fwp%2Fv2%2Ftags&post=9881"}],"curies":[{"name":"wp","href":"https:\/\/api.w.org\/{rel}","templated":true}]}}