{"id":9908,"date":"2021-01-28T19:58:54","date_gmt":"2021-01-29T01:58:54","guid":{"rendered":"http:\/\/volcanes.net\/?p=9908"},"modified":"2021-01-28T19:58:54","modified_gmt":"2021-01-29T01:58:54","slug":"entregan-ampliacion-de-red-electrica-en-la-calle-de-las-flores-en-ecatzingo","status":"publish","type":"post","link":"https:\/\/volcanes.net\/?p=9908","title":{"rendered":"Entregan ampliaci\u00f3n de red el\u00e9ctrica en la calle de las Flores en Ecatzingo"},"content":{"rendered":"<div style=\"margin-top: 0px; margin-bottom: 0px;\" class=\"sharethis-inline-share-buttons\" ><\/div><p style=\"text-align: justify;\">Ecatzingo, Estado de M\u00e9xico.-\u00a0 La alcaldesa de este municipio mexiquense, Roc\u00edo Sol\u00eds Robles, hizo entrega de la ampliaci\u00f3n de red el\u00e9ctrica en Calle de las Flores en la Cabecera Municipal.<\/p>\n<p style=\"text-align: justify;\">Cabe mencionar que\u00a0 los trabajos de obra se realizaron con la inversi\u00f3n del Fondo de Aportaciones para la Infraestructura Social Municipal y de las Demarcaciones Territoriales del Distrito Federal (FISMDF 2020), en beneficio de las familias.<\/p>\n<p style=\"text-align: justify;\">Ante ello, la alcaldesa,\u00a0 dijo que est\u00e1 admistraci\u00f3n contin\u00faa trabajando para mejorar la infraestructura b\u00e1sica del municipio, por lo que con estas acciones\u00a0 ahora los vecinos de esta calle tendr\u00e1n acceso a energ\u00eda el\u00e9ctrica y alumbrado p\u00fablico que contribuye a la seguridad de estas familias.<\/p>\n","protected":false},"excerpt":{"rendered":"<p>Ecatzingo, Estado de M\u00e9xico.-\u00a0 La alcaldesa de este municipio mexiquense, Roc\u00edo Sol\u00eds Robles, hizo entrega<\/p>\n","protected":false},"author":1,"featured_media":9909,"comment_status":"open","ping_status":"open","sticky":false,"template":"","format":"standard","meta":{"footnotes":""},"categories":[1],"tags":[15],"class_list":["post-9908","post","type-post","status-publish","format-standard","has-post-thumbnail","hentry","category-municipales","tag-ecatzingo"],"yoast_head":"<!-- This site is optimized with the Yoast SEO plugin v25.3 - https:\/\/yoast.com\/wordpress\/plugins\/seo\/ -->\n<title>Entregan ampliaci\u00f3n de red el\u00e9ctrica en la calle de las Flores en Ecatzingo - Volcanes<\/title>\n<meta name=\"robots\" content=\"index, follow, max-snippet:-1, max-image-preview:large, max-video-preview:-1\" \/>\n<link rel=\"canonical\" href=\"https:\/\/volcanes.net\/?p=9908\" \/>\n<meta property=\"og:locale\" content=\"es_MX\" \/>\n<meta property=\"og:type\" content=\"article\" \/>\n<meta property=\"og:title\" content=\"Entregan ampliaci\u00f3n de red el\u00e9ctrica en la calle de las Flores en Ecatzingo - Volcanes\" \/>\n<meta property=\"og:description\" content=\"Ecatzingo, Estado de M\u00e9xico.-\u00a0 La alcaldesa de este municipio mexiquense, Roc\u00edo Sol\u00eds Robles, hizo entrega\" \/>\n<meta property=\"og:url\" content=\"https:\/\/volcanes.net\/?p=9908\" \/>\n<meta property=\"og:site_name\" content=\"Volcanes\" \/>\n<meta property=\"article:publisher\" content=\"https:\/\/www.facebook.com\/volcanes.net\/\" \/>\n<meta property=\"article:published_time\" content=\"2021-01-29T01:58:54+00:00\" \/>\n<meta property=\"og:image\" content=\"https:\/\/volcanes.net\/wp-content\/uploads\/2021\/01\/FB_IMG_1611844976012.jpg\" \/>\n\t<meta property=\"og:image:width\" content=\"720\" \/>\n\t<meta property=\"og:image:height\" content=\"466\" \/>\n\t<meta property=\"og:image:type\" content=\"image\/jpeg\" \/>\n<meta name=\"author\" content=\"admin\" \/>\n<meta name=\"twitter:card\" content=\"summary_large_image\" \/>\n<meta name=\"twitter:label1\" content=\"Escrito por\" \/>\n\t<meta name=\"twitter:data1\" content=\"admin\" \/>\n\t<meta name=\"twitter:label2\" content=\"Tiempo de lectura\" \/>\n\t<meta name=\"twitter:data2\" content=\"1 minuto\" \/>\n<script type=\"application\/ld+json\" class=\"yoast-schema-graph\">{\"@context\":\"https:\/\/schema.org\",\"@graph\":[{\"@type\":\"Article\",\"@id\":\"https:\/\/volcanes.net\/?p=9908#article\",\"isPartOf\":{\"@id\":\"https:\/\/volcanes.net\/?p=9908\"},\"author\":{\"name\":\"admin\",\"@id\":\"https:\/\/volcanes.net\/#\/schema\/person\/4bf0f383940966a4abd53f5048c0e6b9\"},\"headline\":\"Entregan ampliaci\u00f3n de red el\u00e9ctrica en la calle de las Flores en Ecatzingo\",\"datePublished\":\"2021-01-29T01:58:54+00:00\",\"mainEntityOfPage\":{\"@id\":\"https:\/\/volcanes.net\/?p=9908\"},\"wordCount\":139,\"commentCount\":0,\"publisher\":{\"@id\":\"https:\/\/volcanes.net\/#organization\"},\"image\":{\"@id\":\"https:\/\/volcanes.net\/?p=9908#primaryimage\"},\"thumbnailUrl\":\"https:\/\/volcanes.net\/wp-content\/uploads\/2021\/01\/FB_IMG_1611844976012.jpg\",\"keywords\":[\"Ecatzingo\"],\"articleSection\":[\"Municipales\"],\"inLanguage\":\"es\",\"potentialAction\":[{\"@type\":\"CommentAction\",\"name\":\"Comment\",\"target\":[\"https:\/\/volcanes.net\/?p=9908#respond\"]}]},{\"@type\":\"WebPage\",\"@id\":\"https:\/\/volcanes.net\/?p=9908\",\"url\":\"https:\/\/volcanes.net\/?p=9908\",\"name\":\"Entregan ampliaci\u00f3n de red el\u00e9ctrica en la calle de las Flores en Ecatzingo - Volcanes\",\"isPartOf\":{\"@id\":\"https:\/\/volcanes.net\/#website\"},\"primaryImageOfPage\":{\"@id\":\"https:\/\/volcanes.net\/?p=9908#primaryimage\"},\"image\":{\"@id\":\"https:\/\/volcanes.net\/?p=9908#primaryimage\"},\"thumbnailUrl\":\"https:\/\/volcanes.net\/wp-content\/uploads\/2021\/01\/FB_IMG_1611844976012.jpg\",\"datePublished\":\"2021-01-29T01:58:54+00:00\",\"breadcrumb\":{\"@id\":\"https:\/\/volcanes.net\/?p=9908#breadcrumb\"},\"inLanguage\":\"es\",\"potentialAction\":[{\"@type\":\"ReadAction\",\"target\":[\"https:\/\/volcanes.net\/?p=9908\"]}]},{\"@type\":\"ImageObject\",\"inLanguage\":\"es\",\"@id\":\"https:\/\/volcanes.net\/?p=9908#primaryimage\",\"url\":\"https:\/\/volcanes.net\/wp-content\/uploads\/2021\/01\/FB_IMG_1611844976012.jpg\",\"contentUrl\":\"https:\/\/volcanes.net\/wp-content\/uploads\/2021\/01\/FB_IMG_1611844976012.jpg\",\"width\":720,\"height\":466},{\"@type\":\"BreadcrumbList\",\"@id\":\"https:\/\/volcanes.net\/?p=9908#breadcrumb\",\"itemListElement\":[{\"@type\":\"ListItem\",\"position\":1,\"name\":\"Portada\",\"item\":\"https:\/\/volcanes.net\/\"},{\"@type\":\"ListItem\",\"position\":2,\"name\":\"Entregan ampliaci\u00f3n de red el\u00e9ctrica en la calle de las Flores en Ecatzingo\"}]},{\"@type\":\"WebSite\",\"@id\":\"https:\/\/volcanes.net\/#website\",\"url\":\"https:\/\/volcanes.net\/\",\"name\":\"Volcanes.Net\",\"description\":\"Periodismo Profesional\",\"publisher\":{\"@id\":\"https:\/\/volcanes.net\/#organization\"},\"potentialAction\":[{\"@type\":\"SearchAction\",\"target\":{\"@type\":\"EntryPoint\",\"urlTemplate\":\"https:\/\/volcanes.net\/?s={search_term_string}\"},\"query-input\":{\"@type\":\"PropertyValueSpecification\",\"valueRequired\":true,\"valueName\":\"search_term_string\"}}],\"inLanguage\":\"es\"},{\"@type\":\"Organization\",\"@id\":\"https:\/\/volcanes.net\/#organization\",\"name\":\"Grupo Volcanes\",\"url\":\"https:\/\/volcanes.net\/\",\"logo\":{\"@type\":\"ImageObject\",\"inLanguage\":\"es\",\"@id\":\"https:\/\/volcanes.net\/#\/schema\/logo\/image\/\",\"url\":\"http:\/\/volcanes.net\/wp-content\/uploads\/2017\/12\/Avatar2.jpg\",\"contentUrl\":\"http:\/\/volcanes.net\/wp-content\/uploads\/2017\/12\/Avatar2.jpg\",\"width\":378,\"height\":378,\"caption\":\"Grupo Volcanes\"},\"image\":{\"@id\":\"https:\/\/volcanes.net\/#\/schema\/logo\/image\/\"},\"sameAs\":[\"https:\/\/www.facebook.com\/volcanes.net\/\"]},{\"@type\":\"Person\",\"@id\":\"https:\/\/volcanes.net\/#\/schema\/person\/4bf0f383940966a4abd53f5048c0e6b9\",\"name\":\"admin\",\"image\":{\"@type\":\"ImageObject\",\"inLanguage\":\"es\",\"@id\":\"https:\/\/volcanes.net\/#\/schema\/person\/image\/\",\"url\":\"https:\/\/secure.gravatar.com\/avatar\/ca004e6cba8462b8cb7abc86e382930c?s=96&d=mm&r=g\",\"contentUrl\":\"https:\/\/secure.gravatar.com\/avatar\/ca004e6cba8462b8cb7abc86e382930c?s=96&d=mm&r=g\",\"caption\":\"admin\"}}]}<\/script>\n<!-- \/ Yoast SEO plugin. -->","yoast_head_json":{"title":"Entregan ampliaci\u00f3n de red el\u00e9ctrica en la calle de las Flores en Ecatzingo - Volcanes","robots":{"index":"index","follow":"follow","max-snippet":"max-snippet:-1","max-image-preview":"max-image-preview:large","max-video-preview":"max-video-preview:-1"},"canonical":"https:\/\/volcanes.net\/?p=9908","og_locale":"es_MX","og_type":"article","og_title":"Entregan ampliaci\u00f3n de red el\u00e9ctrica en la calle de las Flores en Ecatzingo - Volcanes","og_description":"Ecatzingo, Estado de M\u00e9xico.-\u00a0 La alcaldesa de este municipio mexiquense, Roc\u00edo Sol\u00eds Robles, hizo entrega","og_url":"https:\/\/volcanes.net\/?p=9908","og_site_name":"Volcanes","article_publisher":"https:\/\/www.facebook.com\/volcanes.net\/","article_published_time":"2021-01-29T01:58:54+00:00","og_image":[{"width":720,"height":466,"url":"https:\/\/volcanes.net\/wp-content\/uploads\/2021\/01\/FB_IMG_1611844976012.jpg","type":"image\/jpeg"}],"author":"admin","twitter_card":"summary_large_image","twitter_misc":{"Escrito por":"admin","Tiempo de lectura":"1 minuto"},"schema":{"@context":"https:\/\/schema.org","@graph":[{"@type":"Article","@id":"https:\/\/volcanes.net\/?p=9908#article","isPartOf":{"@id":"https:\/\/volcanes.net\/?p=9908"},"author":{"name":"admin","@id":"https:\/\/volcanes.net\/#\/schema\/person\/4bf0f383940966a4abd53f5048c0e6b9"},"headline":"Entregan ampliaci\u00f3n de red el\u00e9ctrica en la calle de las Flores en Ecatzingo","datePublished":"2021-01-29T01:58:54+00:00","mainEntityOfPage":{"@id":"https:\/\/volcanes.net\/?p=9908"},"wordCount":139,"commentCount":0,"publisher":{"@id":"https:\/\/volcanes.net\/#organization"},"image":{"@id":"https:\/\/volcanes.net\/?p=9908#primaryimage"},"thumbnailUrl":"https:\/\/volcanes.net\/wp-content\/uploads\/2021\/01\/FB_IMG_1611844976012.jpg","keywords":["Ecatzingo"],"articleSection":["Municipales"],"inLanguage":"es","potentialAction":[{"@type":"CommentAction","name":"Comment","target":["https:\/\/volcanes.net\/?p=9908#respond"]}]},{"@type":"WebPage","@id":"https:\/\/volcanes.net\/?p=9908","url":"https:\/\/volcanes.net\/?p=9908","name":"Entregan ampliaci\u00f3n de red el\u00e9ctrica en la calle de las Flores en Ecatzingo - Volcanes","isPartOf":{"@id":"https:\/\/volcanes.net\/#website"},"primaryImageOfPage":{"@id":"https:\/\/volcanes.net\/?p=9908#primaryimage"},"image":{"@id":"https:\/\/volcanes.net\/?p=9908#primaryimage"},"thumbnailUrl":"https:\/\/volcanes.net\/wp-content\/uploads\/2021\/01\/FB_IMG_1611844976012.jpg","datePublished":"2021-01-29T01:58:54+00:00","breadcrumb":{"@id":"https:\/\/volcanes.net\/?p=9908#breadcrumb"},"inLanguage":"es","potentialAction":[{"@type":"ReadAction","target":["https:\/\/volcanes.net\/?p=9908"]}]},{"@type":"ImageObject","inLanguage":"es","@id":"https:\/\/volcanes.net\/?p=9908#primaryimage","url":"https:\/\/volcanes.net\/wp-content\/uploads\/2021\/01\/FB_IMG_1611844976012.jpg","contentUrl":"https:\/\/volcanes.net\/wp-content\/uploads\/2021\/01\/FB_IMG_1611844976012.jpg","width":720,"height":466},{"@type":"BreadcrumbList","@id":"https:\/\/volcanes.net\/?p=9908#breadcrumb","itemListElement":[{"@type":"ListItem","position":1,"name":"Portada","item":"https:\/\/volcanes.net\/"},{"@type":"ListItem","position":2,"name":"Entregan ampliaci\u00f3n de red el\u00e9ctrica en la calle de las Flores en Ecatzingo"}]},{"@type":"WebSite","@id":"https:\/\/volcanes.net\/#website","url":"https:\/\/volcanes.net\/","name":"Volcanes.Net","description":"Periodismo Profesional","publisher":{"@id":"https:\/\/volcanes.net\/#organization"},"potentialAction":[{"@type":"SearchAction","target":{"@type":"EntryPoint","urlTemplate":"https:\/\/volcanes.net\/?s={search_term_string}"},"query-input":{"@type":"PropertyValueSpecification","valueRequired":true,"valueName":"search_term_string"}}],"inLanguage":"es"},{"@type":"Organization","@id":"https:\/\/volcanes.net\/#organization","name":"Grupo Volcanes","url":"https:\/\/volcanes.net\/","logo":{"@type":"ImageObject","inLanguage":"es","@id":"https:\/\/volcanes.net\/#\/schema\/logo\/image\/","url":"http:\/\/volcanes.net\/wp-content\/uploads\/2017\/12\/Avatar2.jpg","contentUrl":"http:\/\/volcanes.net\/wp-content\/uploads\/2017\/12\/Avatar2.jpg","width":378,"height":378,"caption":"Grupo Volcanes"},"image":{"@id":"https:\/\/volcanes.net\/#\/schema\/logo\/image\/"},"sameAs":["https:\/\/www.facebook.com\/volcanes.net\/"]},{"@type":"Person","@id":"https:\/\/volcanes.net\/#\/schema\/person\/4bf0f383940966a4abd53f5048c0e6b9","name":"admin","image":{"@type":"ImageObject","inLanguage":"es","@id":"https:\/\/volcanes.net\/#\/schema\/person\/image\/","url":"https:\/\/secure.gravatar.com\/avatar\/ca004e6cba8462b8cb7abc86e382930c?s=96&d=mm&r=g","contentUrl":"https:\/\/secure.gravatar.com\/avatar\/ca004e6cba8462b8cb7abc86e382930c?s=96&d=mm&r=g","caption":"admin"}}]}},"_links":{"self":[{"href":"https:\/\/volcanes.net\/index.php?rest_route=\/wp\/v2\/posts\/9908"}],"collection":[{"href":"https:\/\/volcanes.net\/index.php?rest_route=\/wp\/v2\/posts"}],"about":[{"href":"https:\/\/volcanes.net\/index.php?rest_route=\/wp\/v2\/types\/post"}],"author":[{"embeddable":true,"href":"https:\/\/volcanes.net\/index.php?rest_route=\/wp\/v2\/users\/1"}],"replies":[{"embeddable":true,"href":"https:\/\/volcanes.net\/index.php?rest_route=%2Fwp%2Fv2%2Fcomments&post=9908"}],"version-history":[{"count":1,"href":"https:\/\/volcanes.net\/index.php?rest_route=\/wp\/v2\/posts\/9908\/revisions"}],"predecessor-version":[{"id":9910,"href":"https:\/\/volcanes.net\/index.php?rest_route=\/wp\/v2\/posts\/9908\/revisions\/9910"}],"wp:featuredmedia":[{"embeddable":true,"href":"https:\/\/volcanes.net\/index.php?rest_route=\/wp\/v2\/media\/9909"}],"wp:attachment":[{"href":"https:\/\/volcanes.net\/index.php?rest_route=%2Fwp%2Fv2%2Fmedia&parent=9908"}],"wp:term":[{"taxonomy":"category","embeddable":true,"href":"https:\/\/volcanes.net\/index.php?rest_route=%2Fwp%2Fv2%2Fcategories&post=9908"},{"taxonomy":"post_tag","embeddable":true,"href":"https:\/\/volcanes.net\/index.php?rest_route=%2Fwp%2Fv2%2Ftags&post=9908"}],"curies":[{"name":"wp","href":"https:\/\/api.w.org\/{rel}","templated":true}]}}