{"id":9936,"date":"2021-01-30T21:29:33","date_gmt":"2021-01-31T03:29:33","guid":{"rendered":"http:\/\/volcanes.net\/?p=9936"},"modified":"2021-01-30T21:29:33","modified_gmt":"2021-01-31T03:29:33","slug":"inician-proceso-legal-contra-dos-sujetos-investigados-por-el-delito-de-homicidio","status":"publish","type":"post","link":"https:\/\/volcanes.net\/?p=9936","title":{"rendered":"Inician proceso legal contra dos sujetos investigados por el delito de homicidio"},"content":{"rendered":"<div style=\"margin-top: 0px; margin-bottom: 0px;\" class=\"sharethis-inline-share-buttons\" ><\/div><p style=\"text-align: justify;\">Valle de Chalco, Estado de M\u00e9xico.-\u00a0Dos sujetos fueron vinculados a proceso, luego de que el Agente del Ministerio P\u00fablico de la Fiscal\u00eda Especializada de Homicidio de la Zona Oriente, de esta Fiscal\u00eda General de Justicia (FGJEM) acredit\u00f3 su participaci\u00f3n en una agresi\u00f3n en la que un individuo result\u00f3 muerto y dos m\u00e1s lesionados, en el mes de noviembre del a\u00f1o 2019, por lo que fueron vinculados a proceso.<\/p>\n<p style=\"text-align: justify;\">Un Juez del Distrito Judicial de Chalco determin\u00f3 iniciar un proceso legal en contra de \u00c1ngel \u201cN\u201d y V\u00edctor Daniel \u201cN\u201d, por los delitos de homicidio calificado y homicidio calificado en grado de tentativa, por lo que deber\u00e1n permanecer internos en el Centro Penitenciario y de Reinserci\u00f3n Social de la zona.<\/p>\n<p style=\"text-align: justify;\">La investigaci\u00f3n realizada por esta Instituci\u00f3n precis\u00f3 que el d\u00eda 19 de noviembre del a\u00f1o 2019, tres personas se encontraban en la calle Poniente 2, de la colonia San Miguel Xico, Segunda Secci\u00f3n, en Valle de Chalco y al lugar arribaron los ahora detenidos, quienes al parecer realizaron detonaciones de armas de fuego en su contra.<\/p>\n<p style=\"text-align: justify;\">Derivado de estos hechos una persona result\u00f3 muerta y dos m\u00e1s lesionadas. En el lugar de los hechos los imputados dejaron una lona con un mensaje intimidatorio al parecer firmado por integrantes de una organizaci\u00f3n delictiva que opera en esta regi\u00f3n de la entidad.<\/p>\n<p style=\"text-align: justify;\">Derivado de los hechos el Representante Social integr\u00f3 la carpeta de investigaci\u00f3n y elementos de la Polic\u00eda de Investigaci\u00f3n (PDI) realizaron las indagatorias correspondientes que permitieron la detenci\u00f3n de los probables agresores.<\/p>\n<p style=\"text-align: justify;\">Ambos sujetos fueron ingresados al Centro Penitenciario y de Reinserci\u00f3n Social de la zona, donde quedaron a disposici\u00f3n de un Juez, quien estableci\u00f3 un plazo de un mes para el cierre de las investigaciones, sin embargo se les debe considerar inocentes hasta que sea dictada una sentencia condenatoria en su contra.<\/p>\n","protected":false},"excerpt":{"rendered":"<p>Valle de Chalco, Estado de M\u00e9xico.-\u00a0Dos sujetos fueron vinculados a proceso, luego de que el<\/p>\n","protected":false},"author":1,"featured_media":9937,"comment_status":"open","ping_status":"open","sticky":false,"template":"","format":"standard","meta":{"footnotes":""},"categories":[1],"tags":[5],"class_list":["post-9936","post","type-post","status-publish","format-standard","has-post-thumbnail","hentry","category-municipales","tag-valle-de-chalco"],"yoast_head":"<!-- This site is optimized with the Yoast SEO plugin v25.3 - https:\/\/yoast.com\/wordpress\/plugins\/seo\/ -->\n<title>Inician proceso legal contra dos sujetos investigados por el delito de homicidio - Volcanes<\/title>\n<meta name=\"robots\" content=\"index, follow, max-snippet:-1, max-image-preview:large, max-video-preview:-1\" \/>\n<link rel=\"canonical\" href=\"https:\/\/volcanes.net\/?p=9936\" \/>\n<meta property=\"og:locale\" content=\"es_MX\" \/>\n<meta property=\"og:type\" content=\"article\" \/>\n<meta property=\"og:title\" content=\"Inician proceso legal contra dos sujetos investigados por el delito de homicidio - Volcanes\" \/>\n<meta property=\"og:description\" content=\"Valle de Chalco, Estado de M\u00e9xico.-\u00a0Dos sujetos fueron vinculados a proceso, luego de que el\" \/>\n<meta property=\"og:url\" content=\"https:\/\/volcanes.net\/?p=9936\" \/>\n<meta property=\"og:site_name\" content=\"Volcanes\" \/>\n<meta property=\"article:publisher\" content=\"https:\/\/www.facebook.com\/volcanes.net\/\" \/>\n<meta property=\"article:published_time\" content=\"2021-01-31T03:29:33+00:00\" \/>\n<meta property=\"og:image\" content=\"https:\/\/volcanes.net\/wp-content\/uploads\/2021\/01\/IMG-20210130-WA0052.jpg\" \/>\n\t<meta property=\"og:image:width\" content=\"762\" \/>\n\t<meta property=\"og:image:height\" content=\"589\" \/>\n\t<meta property=\"og:image:type\" content=\"image\/jpeg\" \/>\n<meta name=\"author\" content=\"admin\" \/>\n<meta name=\"twitter:card\" content=\"summary_large_image\" \/>\n<meta name=\"twitter:label1\" content=\"Escrito por\" \/>\n\t<meta name=\"twitter:data1\" content=\"admin\" \/>\n\t<meta name=\"twitter:label2\" content=\"Tiempo de lectura\" \/>\n\t<meta name=\"twitter:data2\" content=\"2 minutos\" \/>\n<script type=\"application\/ld+json\" class=\"yoast-schema-graph\">{\"@context\":\"https:\/\/schema.org\",\"@graph\":[{\"@type\":\"Article\",\"@id\":\"https:\/\/volcanes.net\/?p=9936#article\",\"isPartOf\":{\"@id\":\"https:\/\/volcanes.net\/?p=9936\"},\"author\":{\"name\":\"admin\",\"@id\":\"https:\/\/volcanes.net\/#\/schema\/person\/4bf0f383940966a4abd53f5048c0e6b9\"},\"headline\":\"Inician proceso legal contra dos sujetos investigados por el delito de homicidio\",\"datePublished\":\"2021-01-31T03:29:33+00:00\",\"mainEntityOfPage\":{\"@id\":\"https:\/\/volcanes.net\/?p=9936\"},\"wordCount\":337,\"commentCount\":0,\"publisher\":{\"@id\":\"https:\/\/volcanes.net\/#organization\"},\"image\":{\"@id\":\"https:\/\/volcanes.net\/?p=9936#primaryimage\"},\"thumbnailUrl\":\"https:\/\/volcanes.net\/wp-content\/uploads\/2021\/01\/IMG-20210130-WA0052.jpg\",\"keywords\":[\"Valle de Chalco\"],\"articleSection\":[\"Municipales\"],\"inLanguage\":\"es\",\"potentialAction\":[{\"@type\":\"CommentAction\",\"name\":\"Comment\",\"target\":[\"https:\/\/volcanes.net\/?p=9936#respond\"]}]},{\"@type\":\"WebPage\",\"@id\":\"https:\/\/volcanes.net\/?p=9936\",\"url\":\"https:\/\/volcanes.net\/?p=9936\",\"name\":\"Inician proceso legal contra dos sujetos investigados por el delito de homicidio - Volcanes\",\"isPartOf\":{\"@id\":\"https:\/\/volcanes.net\/#website\"},\"primaryImageOfPage\":{\"@id\":\"https:\/\/volcanes.net\/?p=9936#primaryimage\"},\"image\":{\"@id\":\"https:\/\/volcanes.net\/?p=9936#primaryimage\"},\"thumbnailUrl\":\"https:\/\/volcanes.net\/wp-content\/uploads\/2021\/01\/IMG-20210130-WA0052.jpg\",\"datePublished\":\"2021-01-31T03:29:33+00:00\",\"breadcrumb\":{\"@id\":\"https:\/\/volcanes.net\/?p=9936#breadcrumb\"},\"inLanguage\":\"es\",\"potentialAction\":[{\"@type\":\"ReadAction\",\"target\":[\"https:\/\/volcanes.net\/?p=9936\"]}]},{\"@type\":\"ImageObject\",\"inLanguage\":\"es\",\"@id\":\"https:\/\/volcanes.net\/?p=9936#primaryimage\",\"url\":\"https:\/\/volcanes.net\/wp-content\/uploads\/2021\/01\/IMG-20210130-WA0052.jpg\",\"contentUrl\":\"https:\/\/volcanes.net\/wp-content\/uploads\/2021\/01\/IMG-20210130-WA0052.jpg\",\"width\":762,\"height\":589},{\"@type\":\"BreadcrumbList\",\"@id\":\"https:\/\/volcanes.net\/?p=9936#breadcrumb\",\"itemListElement\":[{\"@type\":\"ListItem\",\"position\":1,\"name\":\"Portada\",\"item\":\"https:\/\/volcanes.net\/\"},{\"@type\":\"ListItem\",\"position\":2,\"name\":\"Inician proceso legal contra dos sujetos investigados por el delito de homicidio\"}]},{\"@type\":\"WebSite\",\"@id\":\"https:\/\/volcanes.net\/#website\",\"url\":\"https:\/\/volcanes.net\/\",\"name\":\"Volcanes.Net\",\"description\":\"Periodismo Profesional\",\"publisher\":{\"@id\":\"https:\/\/volcanes.net\/#organization\"},\"potentialAction\":[{\"@type\":\"SearchAction\",\"target\":{\"@type\":\"EntryPoint\",\"urlTemplate\":\"https:\/\/volcanes.net\/?s={search_term_string}\"},\"query-input\":{\"@type\":\"PropertyValueSpecification\",\"valueRequired\":true,\"valueName\":\"search_term_string\"}}],\"inLanguage\":\"es\"},{\"@type\":\"Organization\",\"@id\":\"https:\/\/volcanes.net\/#organization\",\"name\":\"Grupo Volcanes\",\"url\":\"https:\/\/volcanes.net\/\",\"logo\":{\"@type\":\"ImageObject\",\"inLanguage\":\"es\",\"@id\":\"https:\/\/volcanes.net\/#\/schema\/logo\/image\/\",\"url\":\"http:\/\/volcanes.net\/wp-content\/uploads\/2017\/12\/Avatar2.jpg\",\"contentUrl\":\"http:\/\/volcanes.net\/wp-content\/uploads\/2017\/12\/Avatar2.jpg\",\"width\":378,\"height\":378,\"caption\":\"Grupo Volcanes\"},\"image\":{\"@id\":\"https:\/\/volcanes.net\/#\/schema\/logo\/image\/\"},\"sameAs\":[\"https:\/\/www.facebook.com\/volcanes.net\/\"]},{\"@type\":\"Person\",\"@id\":\"https:\/\/volcanes.net\/#\/schema\/person\/4bf0f383940966a4abd53f5048c0e6b9\",\"name\":\"admin\",\"image\":{\"@type\":\"ImageObject\",\"inLanguage\":\"es\",\"@id\":\"https:\/\/volcanes.net\/#\/schema\/person\/image\/\",\"url\":\"https:\/\/secure.gravatar.com\/avatar\/ca004e6cba8462b8cb7abc86e382930c?s=96&d=mm&r=g\",\"contentUrl\":\"https:\/\/secure.gravatar.com\/avatar\/ca004e6cba8462b8cb7abc86e382930c?s=96&d=mm&r=g\",\"caption\":\"admin\"}}]}<\/script>\n<!-- \/ Yoast SEO plugin. -->","yoast_head_json":{"title":"Inician proceso legal contra dos sujetos investigados por el delito de homicidio - Volcanes","robots":{"index":"index","follow":"follow","max-snippet":"max-snippet:-1","max-image-preview":"max-image-preview:large","max-video-preview":"max-video-preview:-1"},"canonical":"https:\/\/volcanes.net\/?p=9936","og_locale":"es_MX","og_type":"article","og_title":"Inician proceso legal contra dos sujetos investigados por el delito de homicidio - Volcanes","og_description":"Valle de Chalco, Estado de M\u00e9xico.-\u00a0Dos sujetos fueron vinculados a proceso, luego de que el","og_url":"https:\/\/volcanes.net\/?p=9936","og_site_name":"Volcanes","article_publisher":"https:\/\/www.facebook.com\/volcanes.net\/","article_published_time":"2021-01-31T03:29:33+00:00","og_image":[{"width":762,"height":589,"url":"https:\/\/volcanes.net\/wp-content\/uploads\/2021\/01\/IMG-20210130-WA0052.jpg","type":"image\/jpeg"}],"author":"admin","twitter_card":"summary_large_image","twitter_misc":{"Escrito por":"admin","Tiempo de lectura":"2 minutos"},"schema":{"@context":"https:\/\/schema.org","@graph":[{"@type":"Article","@id":"https:\/\/volcanes.net\/?p=9936#article","isPartOf":{"@id":"https:\/\/volcanes.net\/?p=9936"},"author":{"name":"admin","@id":"https:\/\/volcanes.net\/#\/schema\/person\/4bf0f383940966a4abd53f5048c0e6b9"},"headline":"Inician proceso legal contra dos sujetos investigados por el delito de homicidio","datePublished":"2021-01-31T03:29:33+00:00","mainEntityOfPage":{"@id":"https:\/\/volcanes.net\/?p=9936"},"wordCount":337,"commentCount":0,"publisher":{"@id":"https:\/\/volcanes.net\/#organization"},"image":{"@id":"https:\/\/volcanes.net\/?p=9936#primaryimage"},"thumbnailUrl":"https:\/\/volcanes.net\/wp-content\/uploads\/2021\/01\/IMG-20210130-WA0052.jpg","keywords":["Valle de Chalco"],"articleSection":["Municipales"],"inLanguage":"es","potentialAction":[{"@type":"CommentAction","name":"Comment","target":["https:\/\/volcanes.net\/?p=9936#respond"]}]},{"@type":"WebPage","@id":"https:\/\/volcanes.net\/?p=9936","url":"https:\/\/volcanes.net\/?p=9936","name":"Inician proceso legal contra dos sujetos investigados por el delito de homicidio - Volcanes","isPartOf":{"@id":"https:\/\/volcanes.net\/#website"},"primaryImageOfPage":{"@id":"https:\/\/volcanes.net\/?p=9936#primaryimage"},"image":{"@id":"https:\/\/volcanes.net\/?p=9936#primaryimage"},"thumbnailUrl":"https:\/\/volcanes.net\/wp-content\/uploads\/2021\/01\/IMG-20210130-WA0052.jpg","datePublished":"2021-01-31T03:29:33+00:00","breadcrumb":{"@id":"https:\/\/volcanes.net\/?p=9936#breadcrumb"},"inLanguage":"es","potentialAction":[{"@type":"ReadAction","target":["https:\/\/volcanes.net\/?p=9936"]}]},{"@type":"ImageObject","inLanguage":"es","@id":"https:\/\/volcanes.net\/?p=9936#primaryimage","url":"https:\/\/volcanes.net\/wp-content\/uploads\/2021\/01\/IMG-20210130-WA0052.jpg","contentUrl":"https:\/\/volcanes.net\/wp-content\/uploads\/2021\/01\/IMG-20210130-WA0052.jpg","width":762,"height":589},{"@type":"BreadcrumbList","@id":"https:\/\/volcanes.net\/?p=9936#breadcrumb","itemListElement":[{"@type":"ListItem","position":1,"name":"Portada","item":"https:\/\/volcanes.net\/"},{"@type":"ListItem","position":2,"name":"Inician proceso legal contra dos sujetos investigados por el delito de homicidio"}]},{"@type":"WebSite","@id":"https:\/\/volcanes.net\/#website","url":"https:\/\/volcanes.net\/","name":"Volcanes.Net","description":"Periodismo Profesional","publisher":{"@id":"https:\/\/volcanes.net\/#organization"},"potentialAction":[{"@type":"SearchAction","target":{"@type":"EntryPoint","urlTemplate":"https:\/\/volcanes.net\/?s={search_term_string}"},"query-input":{"@type":"PropertyValueSpecification","valueRequired":true,"valueName":"search_term_string"}}],"inLanguage":"es"},{"@type":"Organization","@id":"https:\/\/volcanes.net\/#organization","name":"Grupo Volcanes","url":"https:\/\/volcanes.net\/","logo":{"@type":"ImageObject","inLanguage":"es","@id":"https:\/\/volcanes.net\/#\/schema\/logo\/image\/","url":"http:\/\/volcanes.net\/wp-content\/uploads\/2017\/12\/Avatar2.jpg","contentUrl":"http:\/\/volcanes.net\/wp-content\/uploads\/2017\/12\/Avatar2.jpg","width":378,"height":378,"caption":"Grupo Volcanes"},"image":{"@id":"https:\/\/volcanes.net\/#\/schema\/logo\/image\/"},"sameAs":["https:\/\/www.facebook.com\/volcanes.net\/"]},{"@type":"Person","@id":"https:\/\/volcanes.net\/#\/schema\/person\/4bf0f383940966a4abd53f5048c0e6b9","name":"admin","image":{"@type":"ImageObject","inLanguage":"es","@id":"https:\/\/volcanes.net\/#\/schema\/person\/image\/","url":"https:\/\/secure.gravatar.com\/avatar\/ca004e6cba8462b8cb7abc86e382930c?s=96&d=mm&r=g","contentUrl":"https:\/\/secure.gravatar.com\/avatar\/ca004e6cba8462b8cb7abc86e382930c?s=96&d=mm&r=g","caption":"admin"}}]}},"_links":{"self":[{"href":"https:\/\/volcanes.net\/index.php?rest_route=\/wp\/v2\/posts\/9936"}],"collection":[{"href":"https:\/\/volcanes.net\/index.php?rest_route=\/wp\/v2\/posts"}],"about":[{"href":"https:\/\/volcanes.net\/index.php?rest_route=\/wp\/v2\/types\/post"}],"author":[{"embeddable":true,"href":"https:\/\/volcanes.net\/index.php?rest_route=\/wp\/v2\/users\/1"}],"replies":[{"embeddable":true,"href":"https:\/\/volcanes.net\/index.php?rest_route=%2Fwp%2Fv2%2Fcomments&post=9936"}],"version-history":[{"count":1,"href":"https:\/\/volcanes.net\/index.php?rest_route=\/wp\/v2\/posts\/9936\/revisions"}],"predecessor-version":[{"id":9938,"href":"https:\/\/volcanes.net\/index.php?rest_route=\/wp\/v2\/posts\/9936\/revisions\/9938"}],"wp:featuredmedia":[{"embeddable":true,"href":"https:\/\/volcanes.net\/index.php?rest_route=\/wp\/v2\/media\/9937"}],"wp:attachment":[{"href":"https:\/\/volcanes.net\/index.php?rest_route=%2Fwp%2Fv2%2Fmedia&parent=9936"}],"wp:term":[{"taxonomy":"category","embeddable":true,"href":"https:\/\/volcanes.net\/index.php?rest_route=%2Fwp%2Fv2%2Fcategories&post=9936"},{"taxonomy":"post_tag","embeddable":true,"href":"https:\/\/volcanes.net\/index.php?rest_route=%2Fwp%2Fv2%2Ftags&post=9936"}],"curies":[{"name":"wp","href":"https:\/\/api.w.org\/{rel}","templated":true}]}}